{"id":8448,"date":"2019-02-27T10:16:38","date_gmt":"2019-02-27T09:16:38","guid":{"rendered":"http:\/\/suizomadrid.phipages.com\/ausflug-zur-laguna-grande-de-penalara\/"},"modified":"2019-02-27T10:16:38","modified_gmt":"2019-02-27T09:16:38","slug":"ausflug-zur-laguna-grande-de-penalara","status":"publish","type":"post","link":"https:\/\/colegiosuizomadrid.com\/de\/ausflug-zur-laguna-grande-de-penalara\/","title":{"rendered":"Ausflug zur\u201d Laguna Grande de Pe\u00f1alara\u201d"},"content":{"rendered":"<p>Die 8. Klassen machten einen Ausflug zur Laguna Grande de Pe\u00f1alara. Sie starteten um etwa 10.30Uhr \u00a0am \u201ePuerto de Cotos\u201c bei k\u00fchlem aber sonnigem Wetter. Nach etwa 1,5 Stunden erreichten sie das Ziel. Danach ging es hoch zu \u201eRefugio Zabala\u201c, wo sie ihre mitgebrachten Bocadillos sowie die sch\u00f6ne Aussicht genossen. Nach dieser Pause gings wieder Richtung \u201ePuerto de Cotos\u201c, wo sie im \u201eCentro de Visitantes\u201c kurze Filme und Pr\u00e4sentationen zum \u201eParque Nacional de Guadarrama\u201c pr\u00e4sentiert bekamen.<\/p>\n<p>In erster Linie wurden den Sch\u00fclerinnen und Sch\u00fclern Inhalte aus dem Lehrplan an Ort und Stelle vermittelt, selbstverst\u00e4ndlich blieb ihnen auch genug Zeit zu plaudern und die Landschaft zu geniessen. Sie lernten die Gletscher der Eiszeit als Landschaftsgestalter zu erkennen oder eine Wanderkarte zu interpretieren.<\/p>\n<p>Die bedeutendste Erkenntnis aber war wohl, dass der Mensch durch sein Verhalten eine Landschaft nicht zerst\u00f6ren sondern sch\u00fctzen sollte, um sich dieser auch in Zukunft erfreuen zu k\u00f6nnen.<\/p>\n","protected":false},"excerpt":{"rendered":"<p>Die 8. Klassen machten einen Ausflug zur Laguna Grande de Pe\u00f1alara. Sie starteten um etwa 10.30Uhr \u00a0am \u201ePuerto de Cotos\u201c bei k\u00fchlem aber sonnigem Wetter. Nach etwa 1,5 Stunden erreichten sie das Ziel. Danach ging es hoch zu \u201eRefugio Zabala\u201c, wo sie ihre mitgebrachten Bocadillos sowie die sch\u00f6ne Aussicht genossen. Nach dieser Pause gings wieder [&hellip;]<\/p>\n","protected":false},"author":3,"featured_media":8449,"comment_status":"open","ping_status":"open","sticky":false,"template":"","format":"standard","meta":{"footnotes":""},"categories":[],"tags":[],"class_list":["post-8448","post","type-post","status-publish","format-standard","has-post-thumbnail","hentry"],"yoast_head":"<!-- This site is optimized with the Yoast SEO plugin v27.5 - https:\/\/yoast.com\/product\/yoast-seo-wordpress\/ -->\n<title>Ausflug zur\u201d Laguna Grande de Pe\u00f1alara\u201d - Colegio Suizo de Madrid<\/title>\n<meta name=\"robots\" content=\"index, follow, max-snippet:-1, max-image-preview:large, max-video-preview:-1\" \/>\n<link rel=\"canonical\" href=\"https:\/\/colegiosuizomadrid.com\/de\/ausflug-zur-laguna-grande-de-penalara\/\" \/>\n<meta property=\"og:locale\" content=\"de_DE\" \/>\n<meta property=\"og:type\" content=\"article\" \/>\n<meta property=\"og:title\" content=\"Ausflug zur\u201d Laguna Grande de Pe\u00f1alara\u201d - Colegio Suizo de Madrid\" \/>\n<meta property=\"og:description\" content=\"Die 8. Klassen machten einen Ausflug zur Laguna Grande de Pe\u00f1alara. Sie starteten um etwa 10.30Uhr \u00a0am \u201ePuerto de Cotos\u201c bei k\u00fchlem aber sonnigem Wetter. Nach etwa 1,5 Stunden erreichten sie das Ziel. Danach ging es hoch zu \u201eRefugio Zabala\u201c, wo sie ihre mitgebrachten Bocadillos sowie die sch\u00f6ne Aussicht genossen. Nach dieser Pause gings wieder [&hellip;]\" \/>\n<meta property=\"og:url\" content=\"https:\/\/colegiosuizomadrid.com\/de\/ausflug-zur-laguna-grande-de-penalara\/\" \/>\n<meta property=\"og:site_name\" content=\"Colegio Suizo de Madrid\" \/>\n<meta property=\"article:published_time\" content=\"2019-02-27T09:16:38+00:00\" \/>\n<meta name=\"author\" content=\"suizomadrid\" \/>\n<meta name=\"twitter:card\" content=\"summary_large_image\" \/>\n<meta name=\"twitter:label1\" content=\"Verfasst von\" \/>\n\t<meta name=\"twitter:data1\" content=\"suizomadrid\" \/>\n\t<meta name=\"twitter:label2\" content=\"Gesch\u00e4tzte Lesezeit\" \/>\n\t<meta name=\"twitter:data2\" content=\"1\u00a0Minute\" \/>\n<script type=\"application\/ld+json\" class=\"yoast-schema-graph\">{\"@context\":\"https:\\\/\\\/schema.org\",\"@graph\":[{\"@type\":\"Article\",\"@id\":\"https:\\\/\\\/colegiosuizomadrid.com\\\/de\\\/ausflug-zur-laguna-grande-de-penalara\\\/#article\",\"isPartOf\":{\"@id\":\"https:\\\/\\\/colegiosuizomadrid.com\\\/de\\\/ausflug-zur-laguna-grande-de-penalara\\\/\"},\"author\":{\"name\":\"suizomadrid\",\"@id\":\"https:\\\/\\\/colegiosuizomadrid.com\\\/#\\\/schema\\\/person\\\/200c9600273f423dbb80729c2d55015a\"},\"headline\":\"Ausflug zur\u201d Laguna Grande de Pe\u00f1alara\u201d\",\"datePublished\":\"2019-02-27T09:16:38+00:00\",\"mainEntityOfPage\":{\"@id\":\"https:\\\/\\\/colegiosuizomadrid.com\\\/de\\\/ausflug-zur-laguna-grande-de-penalara\\\/\"},\"wordCount\":165,\"commentCount\":0,\"publisher\":{\"@id\":\"https:\\\/\\\/colegiosuizomadrid.com\\\/#organization\"},\"image\":{\"@id\":\"https:\\\/\\\/colegiosuizomadrid.com\\\/de\\\/ausflug-zur-laguna-grande-de-penalara\\\/#primaryimage\"},\"thumbnailUrl\":\"\",\"inLanguage\":\"de\",\"potentialAction\":[{\"@type\":\"CommentAction\",\"name\":\"Comment\",\"target\":[\"https:\\\/\\\/colegiosuizomadrid.com\\\/de\\\/ausflug-zur-laguna-grande-de-penalara\\\/#respond\"]}]},{\"@type\":\"WebPage\",\"@id\":\"https:\\\/\\\/colegiosuizomadrid.com\\\/de\\\/ausflug-zur-laguna-grande-de-penalara\\\/\",\"url\":\"https:\\\/\\\/colegiosuizomadrid.com\\\/de\\\/ausflug-zur-laguna-grande-de-penalara\\\/\",\"name\":\"Ausflug zur\u201d Laguna Grande de Pe\u00f1alara\u201d - Colegio Suizo de Madrid\",\"isPartOf\":{\"@id\":\"https:\\\/\\\/colegiosuizomadrid.com\\\/#website\"},\"primaryImageOfPage\":{\"@id\":\"https:\\\/\\\/colegiosuizomadrid.com\\\/de\\\/ausflug-zur-laguna-grande-de-penalara\\\/#primaryimage\"},\"image\":{\"@id\":\"https:\\\/\\\/colegiosuizomadrid.com\\\/de\\\/ausflug-zur-laguna-grande-de-penalara\\\/#primaryimage\"},\"thumbnailUrl\":\"\",\"datePublished\":\"2019-02-27T09:16:38+00:00\",\"breadcrumb\":{\"@id\":\"https:\\\/\\\/colegiosuizomadrid.com\\\/de\\\/ausflug-zur-laguna-grande-de-penalara\\\/#breadcrumb\"},\"inLanguage\":\"de\",\"potentialAction\":[{\"@type\":\"ReadAction\",\"target\":[\"https:\\\/\\\/colegiosuizomadrid.com\\\/de\\\/ausflug-zur-laguna-grande-de-penalara\\\/\"]}]},{\"@type\":\"ImageObject\",\"inLanguage\":\"de\",\"@id\":\"https:\\\/\\\/colegiosuizomadrid.com\\\/de\\\/ausflug-zur-laguna-grande-de-penalara\\\/#primaryimage\",\"url\":\"\",\"contentUrl\":\"\"},{\"@type\":\"BreadcrumbList\",\"@id\":\"https:\\\/\\\/colegiosuizomadrid.com\\\/de\\\/ausflug-zur-laguna-grande-de-penalara\\\/#breadcrumb\",\"itemListElement\":[{\"@type\":\"ListItem\",\"position\":1,\"name\":\"Portada\",\"item\":\"https:\\\/\\\/colegiosuizomadrid.com\\\/\"},{\"@type\":\"ListItem\",\"position\":2,\"name\":\"Ausflug zur\u201d Laguna Grande de Pe\u00f1alara\u201d\"}]},{\"@type\":\"WebSite\",\"@id\":\"https:\\\/\\\/colegiosuizomadrid.com\\\/#website\",\"url\":\"https:\\\/\\\/colegiosuizomadrid.com\\\/\",\"name\":\"Colegio Suizo de Madrid\",\"description\":\"\",\"publisher\":{\"@id\":\"https:\\\/\\\/colegiosuizomadrid.com\\\/#organization\"},\"potentialAction\":[{\"@type\":\"SearchAction\",\"target\":{\"@type\":\"EntryPoint\",\"urlTemplate\":\"https:\\\/\\\/colegiosuizomadrid.com\\\/?s={search_term_string}\"},\"query-input\":{\"@type\":\"PropertyValueSpecification\",\"valueRequired\":true,\"valueName\":\"search_term_string\"}}],\"inLanguage\":\"de\"},{\"@type\":\"Organization\",\"@id\":\"https:\\\/\\\/colegiosuizomadrid.com\\\/#organization\",\"name\":\"Colegio Suizo de Madrid\",\"url\":\"https:\\\/\\\/colegiosuizomadrid.com\\\/\",\"logo\":{\"@type\":\"ImageObject\",\"inLanguage\":\"de\",\"@id\":\"https:\\\/\\\/colegiosuizomadrid.com\\\/#\\\/schema\\\/logo\\\/image\\\/\",\"url\":\"https:\\\/\\\/colegiosuizomadrid.com\\\/beta\\\/wp-content\\\/uploads\\\/2020\\\/03\\\/Logo-50-Aniv-Colegio-Suizo-Madrid-1.png\",\"contentUrl\":\"https:\\\/\\\/colegiosuizomadrid.com\\\/beta\\\/wp-content\\\/uploads\\\/2020\\\/03\\\/Logo-50-Aniv-Colegio-Suizo-Madrid-1.png\",\"width\":300,\"height\":75,\"caption\":\"Colegio Suizo de Madrid\"},\"image\":{\"@id\":\"https:\\\/\\\/colegiosuizomadrid.com\\\/#\\\/schema\\\/logo\\\/image\\\/\"}},{\"@type\":\"Person\",\"@id\":\"https:\\\/\\\/colegiosuizomadrid.com\\\/#\\\/schema\\\/person\\\/200c9600273f423dbb80729c2d55015a\",\"name\":\"suizomadrid\",\"image\":{\"@type\":\"ImageObject\",\"inLanguage\":\"de\",\"@id\":\"https:\\\/\\\/secure.gravatar.com\\\/avatar\\\/?s=96&d=mm&r=g\",\"url\":\"https:\\\/\\\/secure.gravatar.com\\\/avatar\\\/?s=96&d=mm&r=g\",\"contentUrl\":\"https:\\\/\\\/secure.gravatar.com\\\/avatar\\\/?s=96&d=mm&r=g\",\"caption\":\"suizomadrid\"}}]}<\/script>\n<!-- \/ Yoast SEO plugin. -->","yoast_head_json":{"title":"Ausflug zur\u201d Laguna Grande de Pe\u00f1alara\u201d - Colegio Suizo de Madrid","robots":{"index":"index","follow":"follow","max-snippet":"max-snippet:-1","max-image-preview":"max-image-preview:large","max-video-preview":"max-video-preview:-1"},"canonical":"https:\/\/colegiosuizomadrid.com\/de\/ausflug-zur-laguna-grande-de-penalara\/","og_locale":"de_DE","og_type":"article","og_title":"Ausflug zur\u201d Laguna Grande de Pe\u00f1alara\u201d - Colegio Suizo de Madrid","og_description":"Die 8. Klassen machten einen Ausflug zur Laguna Grande de Pe\u00f1alara. Sie starteten um etwa 10.30Uhr \u00a0am \u201ePuerto de Cotos\u201c bei k\u00fchlem aber sonnigem Wetter. Nach etwa 1,5 Stunden erreichten sie das Ziel. Danach ging es hoch zu \u201eRefugio Zabala\u201c, wo sie ihre mitgebrachten Bocadillos sowie die sch\u00f6ne Aussicht genossen. Nach dieser Pause gings wieder [&hellip;]","og_url":"https:\/\/colegiosuizomadrid.com\/de\/ausflug-zur-laguna-grande-de-penalara\/","og_site_name":"Colegio Suizo de Madrid","article_published_time":"2019-02-27T09:16:38+00:00","author":"suizomadrid","twitter_card":"summary_large_image","twitter_misc":{"Verfasst von":"suizomadrid","Gesch\u00e4tzte Lesezeit":"1\u00a0Minute"},"schema":{"@context":"https:\/\/schema.org","@graph":[{"@type":"Article","@id":"https:\/\/colegiosuizomadrid.com\/de\/ausflug-zur-laguna-grande-de-penalara\/#article","isPartOf":{"@id":"https:\/\/colegiosuizomadrid.com\/de\/ausflug-zur-laguna-grande-de-penalara\/"},"author":{"name":"suizomadrid","@id":"https:\/\/colegiosuizomadrid.com\/#\/schema\/person\/200c9600273f423dbb80729c2d55015a"},"headline":"Ausflug zur\u201d Laguna Grande de Pe\u00f1alara\u201d","datePublished":"2019-02-27T09:16:38+00:00","mainEntityOfPage":{"@id":"https:\/\/colegiosuizomadrid.com\/de\/ausflug-zur-laguna-grande-de-penalara\/"},"wordCount":165,"commentCount":0,"publisher":{"@id":"https:\/\/colegiosuizomadrid.com\/#organization"},"image":{"@id":"https:\/\/colegiosuizomadrid.com\/de\/ausflug-zur-laguna-grande-de-penalara\/#primaryimage"},"thumbnailUrl":"","inLanguage":"de","potentialAction":[{"@type":"CommentAction","name":"Comment","target":["https:\/\/colegiosuizomadrid.com\/de\/ausflug-zur-laguna-grande-de-penalara\/#respond"]}]},{"@type":"WebPage","@id":"https:\/\/colegiosuizomadrid.com\/de\/ausflug-zur-laguna-grande-de-penalara\/","url":"https:\/\/colegiosuizomadrid.com\/de\/ausflug-zur-laguna-grande-de-penalara\/","name":"Ausflug zur\u201d Laguna Grande de Pe\u00f1alara\u201d - Colegio Suizo de Madrid","isPartOf":{"@id":"https:\/\/colegiosuizomadrid.com\/#website"},"primaryImageOfPage":{"@id":"https:\/\/colegiosuizomadrid.com\/de\/ausflug-zur-laguna-grande-de-penalara\/#primaryimage"},"image":{"@id":"https:\/\/colegiosuizomadrid.com\/de\/ausflug-zur-laguna-grande-de-penalara\/#primaryimage"},"thumbnailUrl":"","datePublished":"2019-02-27T09:16:38+00:00","breadcrumb":{"@id":"https:\/\/colegiosuizomadrid.com\/de\/ausflug-zur-laguna-grande-de-penalara\/#breadcrumb"},"inLanguage":"de","potentialAction":[{"@type":"ReadAction","target":["https:\/\/colegiosuizomadrid.com\/de\/ausflug-zur-laguna-grande-de-penalara\/"]}]},{"@type":"ImageObject","inLanguage":"de","@id":"https:\/\/colegiosuizomadrid.com\/de\/ausflug-zur-laguna-grande-de-penalara\/#primaryimage","url":"","contentUrl":""},{"@type":"BreadcrumbList","@id":"https:\/\/colegiosuizomadrid.com\/de\/ausflug-zur-laguna-grande-de-penalara\/#breadcrumb","itemListElement":[{"@type":"ListItem","position":1,"name":"Portada","item":"https:\/\/colegiosuizomadrid.com\/"},{"@type":"ListItem","position":2,"name":"Ausflug zur\u201d Laguna Grande de Pe\u00f1alara\u201d"}]},{"@type":"WebSite","@id":"https:\/\/colegiosuizomadrid.com\/#website","url":"https:\/\/colegiosuizomadrid.com\/","name":"Colegio Suizo de Madrid","description":"","publisher":{"@id":"https:\/\/colegiosuizomadrid.com\/#organization"},"potentialAction":[{"@type":"SearchAction","target":{"@type":"EntryPoint","urlTemplate":"https:\/\/colegiosuizomadrid.com\/?s={search_term_string}"},"query-input":{"@type":"PropertyValueSpecification","valueRequired":true,"valueName":"search_term_string"}}],"inLanguage":"de"},{"@type":"Organization","@id":"https:\/\/colegiosuizomadrid.com\/#organization","name":"Colegio Suizo de Madrid","url":"https:\/\/colegiosuizomadrid.com\/","logo":{"@type":"ImageObject","inLanguage":"de","@id":"https:\/\/colegiosuizomadrid.com\/#\/schema\/logo\/image\/","url":"https:\/\/colegiosuizomadrid.com\/beta\/wp-content\/uploads\/2020\/03\/Logo-50-Aniv-Colegio-Suizo-Madrid-1.png","contentUrl":"https:\/\/colegiosuizomadrid.com\/beta\/wp-content\/uploads\/2020\/03\/Logo-50-Aniv-Colegio-Suizo-Madrid-1.png","width":300,"height":75,"caption":"Colegio Suizo de Madrid"},"image":{"@id":"https:\/\/colegiosuizomadrid.com\/#\/schema\/logo\/image\/"}},{"@type":"Person","@id":"https:\/\/colegiosuizomadrid.com\/#\/schema\/person\/200c9600273f423dbb80729c2d55015a","name":"suizomadrid","image":{"@type":"ImageObject","inLanguage":"de","@id":"https:\/\/secure.gravatar.com\/avatar\/?s=96&d=mm&r=g","url":"https:\/\/secure.gravatar.com\/avatar\/?s=96&d=mm&r=g","contentUrl":"https:\/\/secure.gravatar.com\/avatar\/?s=96&d=mm&r=g","caption":"suizomadrid"}}]}},"_links":{"self":[{"href":"https:\/\/colegiosuizomadrid.com\/de\/wp-json\/wp\/v2\/posts\/8448","targetHints":{"allow":["GET"]}}],"collection":[{"href":"https:\/\/colegiosuizomadrid.com\/de\/wp-json\/wp\/v2\/posts"}],"about":[{"href":"https:\/\/colegiosuizomadrid.com\/de\/wp-json\/wp\/v2\/types\/post"}],"author":[{"embeddable":true,"href":"https:\/\/colegiosuizomadrid.com\/de\/wp-json\/wp\/v2\/users\/3"}],"replies":[{"embeddable":true,"href":"https:\/\/colegiosuizomadrid.com\/de\/wp-json\/wp\/v2\/comments?post=8448"}],"version-history":[{"count":0,"href":"https:\/\/colegiosuizomadrid.com\/de\/wp-json\/wp\/v2\/posts\/8448\/revisions"}],"wp:featuredmedia":[{"embeddable":true,"href":"https:\/\/colegiosuizomadrid.com\/de\/wp-json\/"}],"wp:attachment":[{"href":"https:\/\/colegiosuizomadrid.com\/de\/wp-json\/wp\/v2\/media?parent=8448"}],"wp:term":[{"taxonomy":"category","embeddable":true,"href":"https:\/\/colegiosuizomadrid.com\/de\/wp-json\/wp\/v2\/categories?post=8448"},{"taxonomy":"post_tag","embeddable":true,"href":"https:\/\/colegiosuizomadrid.com\/de\/wp-json\/wp\/v2\/tags?post=8448"}],"curies":[{"name":"wp","href":"https:\/\/api.w.org\/{rel}","templated":true}]}}