{"id":8441,"date":"2019-02-27T10:12:55","date_gmt":"2019-02-27T09:12:55","guid":{"rendered":"http:\/\/suizomadrid.phipages.com\/informatikwoche-in-der-primarschule\/"},"modified":"2019-02-27T10:12:55","modified_gmt":"2019-02-27T09:12:55","slug":"informatikwoche-in-der-primarschule","status":"publish","type":"post","link":"https:\/\/colegiosuizomadrid.com\/de\/informatikwoche-in-der-primarschule\/","title":{"rendered":"Informatikwoche in der Primarschule"},"content":{"rendered":"<p>Auch in diesem Schuljahr nehmen unsere 5. und 6. Klassen der Primarschule an einem Informatikprojekt teil, das von der ETH Z\u00fcrich begleitet wird. Unsere Sch\u00fclerinnen und Sch\u00fcler lernen dabei mit dem Programm Logo zu programmieren. In dieser Woche sind zwei Expertinnen aus der ETH Z\u00fcrich bei uns an der Schule zu Besuch, um mit den 6. Klassen intensiv zu arbeiten. Diesen Freitag finden\u00a0 Pr\u00e4sentationen f\u00fcr die Eltern stattt, an der das p\u00e4dagogische Konzept der ETH im Bereich Informatik und die besten Arbeiten der Woche pr\u00e4sentiert werden.<\/p>\n","protected":false},"excerpt":{"rendered":"<p>Auch in diesem Schuljahr nehmen unsere 5. und 6. Klassen der Primarschule an einem Informatikprojekt teil, das von der ETH Z\u00fcrich begleitet wird. Unsere Sch\u00fclerinnen und Sch\u00fcler lernen dabei mit dem Programm Logo zu programmieren. In dieser Woche sind zwei Expertinnen aus der ETH Z\u00fcrich bei uns an der Schule zu Besuch, um mit den [&hellip;]<\/p>\n","protected":false},"author":3,"featured_media":0,"comment_status":"open","ping_status":"open","sticky":false,"template":"","format":"standard","meta":{"footnotes":""},"categories":[],"tags":[],"class_list":["post-8441","post","type-post","status-publish","format-standard","hentry"],"yoast_head":"<!-- This site is optimized with the Yoast SEO plugin v27.5 - https:\/\/yoast.com\/product\/yoast-seo-wordpress\/ -->\n<title>Informatikwoche in der Primarschule - Colegio Suizo de Madrid<\/title>\n<meta name=\"robots\" content=\"index, follow, max-snippet:-1, max-image-preview:large, max-video-preview:-1\" \/>\n<link rel=\"canonical\" href=\"https:\/\/colegiosuizomadrid.com\/de\/informatikwoche-in-der-primarschule\/\" \/>\n<meta property=\"og:locale\" content=\"de_DE\" \/>\n<meta property=\"og:type\" content=\"article\" \/>\n<meta property=\"og:title\" content=\"Informatikwoche in der Primarschule - Colegio Suizo de Madrid\" \/>\n<meta property=\"og:description\" content=\"Auch in diesem Schuljahr nehmen unsere 5. und 6. Klassen der Primarschule an einem Informatikprojekt teil, das von der ETH Z\u00fcrich begleitet wird. Unsere Sch\u00fclerinnen und Sch\u00fcler lernen dabei mit dem Programm Logo zu programmieren. In dieser Woche sind zwei Expertinnen aus der ETH Z\u00fcrich bei uns an der Schule zu Besuch, um mit den [&hellip;]\" \/>\n<meta property=\"og:url\" content=\"https:\/\/colegiosuizomadrid.com\/de\/informatikwoche-in-der-primarschule\/\" \/>\n<meta property=\"og:site_name\" content=\"Colegio Suizo de Madrid\" \/>\n<meta property=\"article:published_time\" content=\"2019-02-27T09:12:55+00:00\" \/>\n<meta name=\"author\" content=\"suizomadrid\" \/>\n<meta name=\"twitter:card\" content=\"summary_large_image\" \/>\n<meta name=\"twitter:label1\" content=\"Verfasst von\" \/>\n\t<meta name=\"twitter:data1\" content=\"suizomadrid\" \/>\n<script type=\"application\/ld+json\" class=\"yoast-schema-graph\">{\"@context\":\"https:\\\/\\\/schema.org\",\"@graph\":[{\"@type\":\"Article\",\"@id\":\"https:\\\/\\\/colegiosuizomadrid.com\\\/de\\\/informatikwoche-in-der-primarschule\\\/#article\",\"isPartOf\":{\"@id\":\"https:\\\/\\\/colegiosuizomadrid.com\\\/de\\\/informatikwoche-in-der-primarschule\\\/\"},\"author\":{\"name\":\"suizomadrid\",\"@id\":\"https:\\\/\\\/colegiosuizomadrid.com\\\/#\\\/schema\\\/person\\\/200c9600273f423dbb80729c2d55015a\"},\"headline\":\"Informatikwoche in der Primarschule\",\"datePublished\":\"2019-02-27T09:12:55+00:00\",\"mainEntityOfPage\":{\"@id\":\"https:\\\/\\\/colegiosuizomadrid.com\\\/de\\\/informatikwoche-in-der-primarschule\\\/\"},\"wordCount\":95,\"commentCount\":0,\"publisher\":{\"@id\":\"https:\\\/\\\/colegiosuizomadrid.com\\\/#organization\"},\"inLanguage\":\"de\",\"potentialAction\":[{\"@type\":\"CommentAction\",\"name\":\"Comment\",\"target\":[\"https:\\\/\\\/colegiosuizomadrid.com\\\/de\\\/informatikwoche-in-der-primarschule\\\/#respond\"]}]},{\"@type\":\"WebPage\",\"@id\":\"https:\\\/\\\/colegiosuizomadrid.com\\\/de\\\/informatikwoche-in-der-primarschule\\\/\",\"url\":\"https:\\\/\\\/colegiosuizomadrid.com\\\/de\\\/informatikwoche-in-der-primarschule\\\/\",\"name\":\"Informatikwoche in der Primarschule - Colegio Suizo de Madrid\",\"isPartOf\":{\"@id\":\"https:\\\/\\\/colegiosuizomadrid.com\\\/#website\"},\"datePublished\":\"2019-02-27T09:12:55+00:00\",\"breadcrumb\":{\"@id\":\"https:\\\/\\\/colegiosuizomadrid.com\\\/de\\\/informatikwoche-in-der-primarschule\\\/#breadcrumb\"},\"inLanguage\":\"de\",\"potentialAction\":[{\"@type\":\"ReadAction\",\"target\":[\"https:\\\/\\\/colegiosuizomadrid.com\\\/de\\\/informatikwoche-in-der-primarschule\\\/\"]}]},{\"@type\":\"BreadcrumbList\",\"@id\":\"https:\\\/\\\/colegiosuizomadrid.com\\\/de\\\/informatikwoche-in-der-primarschule\\\/#breadcrumb\",\"itemListElement\":[{\"@type\":\"ListItem\",\"position\":1,\"name\":\"Portada\",\"item\":\"https:\\\/\\\/colegiosuizomadrid.com\\\/\"},{\"@type\":\"ListItem\",\"position\":2,\"name\":\"Informatikwoche in der Primarschule\"}]},{\"@type\":\"WebSite\",\"@id\":\"https:\\\/\\\/colegiosuizomadrid.com\\\/#website\",\"url\":\"https:\\\/\\\/colegiosuizomadrid.com\\\/\",\"name\":\"Colegio Suizo de Madrid\",\"description\":\"\",\"publisher\":{\"@id\":\"https:\\\/\\\/colegiosuizomadrid.com\\\/#organization\"},\"potentialAction\":[{\"@type\":\"SearchAction\",\"target\":{\"@type\":\"EntryPoint\",\"urlTemplate\":\"https:\\\/\\\/colegiosuizomadrid.com\\\/?s={search_term_string}\"},\"query-input\":{\"@type\":\"PropertyValueSpecification\",\"valueRequired\":true,\"valueName\":\"search_term_string\"}}],\"inLanguage\":\"de\"},{\"@type\":\"Organization\",\"@id\":\"https:\\\/\\\/colegiosuizomadrid.com\\\/#organization\",\"name\":\"Colegio Suizo de Madrid\",\"url\":\"https:\\\/\\\/colegiosuizomadrid.com\\\/\",\"logo\":{\"@type\":\"ImageObject\",\"inLanguage\":\"de\",\"@id\":\"https:\\\/\\\/colegiosuizomadrid.com\\\/#\\\/schema\\\/logo\\\/image\\\/\",\"url\":\"https:\\\/\\\/colegiosuizomadrid.com\\\/beta\\\/wp-content\\\/uploads\\\/2020\\\/03\\\/Logo-50-Aniv-Colegio-Suizo-Madrid-1.png\",\"contentUrl\":\"https:\\\/\\\/colegiosuizomadrid.com\\\/beta\\\/wp-content\\\/uploads\\\/2020\\\/03\\\/Logo-50-Aniv-Colegio-Suizo-Madrid-1.png\",\"width\":300,\"height\":75,\"caption\":\"Colegio Suizo de Madrid\"},\"image\":{\"@id\":\"https:\\\/\\\/colegiosuizomadrid.com\\\/#\\\/schema\\\/logo\\\/image\\\/\"}},{\"@type\":\"Person\",\"@id\":\"https:\\\/\\\/colegiosuizomadrid.com\\\/#\\\/schema\\\/person\\\/200c9600273f423dbb80729c2d55015a\",\"name\":\"suizomadrid\",\"image\":{\"@type\":\"ImageObject\",\"inLanguage\":\"de\",\"@id\":\"https:\\\/\\\/secure.gravatar.com\\\/avatar\\\/?s=96&d=mm&r=g\",\"url\":\"https:\\\/\\\/secure.gravatar.com\\\/avatar\\\/?s=96&d=mm&r=g\",\"contentUrl\":\"https:\\\/\\\/secure.gravatar.com\\\/avatar\\\/?s=96&d=mm&r=g\",\"caption\":\"suizomadrid\"}}]}<\/script>\n<!-- \/ Yoast SEO plugin. -->","yoast_head_json":{"title":"Informatikwoche in der Primarschule - Colegio Suizo de Madrid","robots":{"index":"index","follow":"follow","max-snippet":"max-snippet:-1","max-image-preview":"max-image-preview:large","max-video-preview":"max-video-preview:-1"},"canonical":"https:\/\/colegiosuizomadrid.com\/de\/informatikwoche-in-der-primarschule\/","og_locale":"de_DE","og_type":"article","og_title":"Informatikwoche in der Primarschule - Colegio Suizo de Madrid","og_description":"Auch in diesem Schuljahr nehmen unsere 5. und 6. Klassen der Primarschule an einem Informatikprojekt teil, das von der ETH Z\u00fcrich begleitet wird. Unsere Sch\u00fclerinnen und Sch\u00fcler lernen dabei mit dem Programm Logo zu programmieren. In dieser Woche sind zwei Expertinnen aus der ETH Z\u00fcrich bei uns an der Schule zu Besuch, um mit den [&hellip;]","og_url":"https:\/\/colegiosuizomadrid.com\/de\/informatikwoche-in-der-primarschule\/","og_site_name":"Colegio Suizo de Madrid","article_published_time":"2019-02-27T09:12:55+00:00","author":"suizomadrid","twitter_card":"summary_large_image","twitter_misc":{"Verfasst von":"suizomadrid"},"schema":{"@context":"https:\/\/schema.org","@graph":[{"@type":"Article","@id":"https:\/\/colegiosuizomadrid.com\/de\/informatikwoche-in-der-primarschule\/#article","isPartOf":{"@id":"https:\/\/colegiosuizomadrid.com\/de\/informatikwoche-in-der-primarschule\/"},"author":{"name":"suizomadrid","@id":"https:\/\/colegiosuizomadrid.com\/#\/schema\/person\/200c9600273f423dbb80729c2d55015a"},"headline":"Informatikwoche in der Primarschule","datePublished":"2019-02-27T09:12:55+00:00","mainEntityOfPage":{"@id":"https:\/\/colegiosuizomadrid.com\/de\/informatikwoche-in-der-primarschule\/"},"wordCount":95,"commentCount":0,"publisher":{"@id":"https:\/\/colegiosuizomadrid.com\/#organization"},"inLanguage":"de","potentialAction":[{"@type":"CommentAction","name":"Comment","target":["https:\/\/colegiosuizomadrid.com\/de\/informatikwoche-in-der-primarschule\/#respond"]}]},{"@type":"WebPage","@id":"https:\/\/colegiosuizomadrid.com\/de\/informatikwoche-in-der-primarschule\/","url":"https:\/\/colegiosuizomadrid.com\/de\/informatikwoche-in-der-primarschule\/","name":"Informatikwoche in der Primarschule - Colegio Suizo de Madrid","isPartOf":{"@id":"https:\/\/colegiosuizomadrid.com\/#website"},"datePublished":"2019-02-27T09:12:55+00:00","breadcrumb":{"@id":"https:\/\/colegiosuizomadrid.com\/de\/informatikwoche-in-der-primarschule\/#breadcrumb"},"inLanguage":"de","potentialAction":[{"@type":"ReadAction","target":["https:\/\/colegiosuizomadrid.com\/de\/informatikwoche-in-der-primarschule\/"]}]},{"@type":"BreadcrumbList","@id":"https:\/\/colegiosuizomadrid.com\/de\/informatikwoche-in-der-primarschule\/#breadcrumb","itemListElement":[{"@type":"ListItem","position":1,"name":"Portada","item":"https:\/\/colegiosuizomadrid.com\/"},{"@type":"ListItem","position":2,"name":"Informatikwoche in der Primarschule"}]},{"@type":"WebSite","@id":"https:\/\/colegiosuizomadrid.com\/#website","url":"https:\/\/colegiosuizomadrid.com\/","name":"Colegio Suizo de Madrid","description":"","publisher":{"@id":"https:\/\/colegiosuizomadrid.com\/#organization"},"potentialAction":[{"@type":"SearchAction","target":{"@type":"EntryPoint","urlTemplate":"https:\/\/colegiosuizomadrid.com\/?s={search_term_string}"},"query-input":{"@type":"PropertyValueSpecification","valueRequired":true,"valueName":"search_term_string"}}],"inLanguage":"de"},{"@type":"Organization","@id":"https:\/\/colegiosuizomadrid.com\/#organization","name":"Colegio Suizo de Madrid","url":"https:\/\/colegiosuizomadrid.com\/","logo":{"@type":"ImageObject","inLanguage":"de","@id":"https:\/\/colegiosuizomadrid.com\/#\/schema\/logo\/image\/","url":"https:\/\/colegiosuizomadrid.com\/beta\/wp-content\/uploads\/2020\/03\/Logo-50-Aniv-Colegio-Suizo-Madrid-1.png","contentUrl":"https:\/\/colegiosuizomadrid.com\/beta\/wp-content\/uploads\/2020\/03\/Logo-50-Aniv-Colegio-Suizo-Madrid-1.png","width":300,"height":75,"caption":"Colegio Suizo de Madrid"},"image":{"@id":"https:\/\/colegiosuizomadrid.com\/#\/schema\/logo\/image\/"}},{"@type":"Person","@id":"https:\/\/colegiosuizomadrid.com\/#\/schema\/person\/200c9600273f423dbb80729c2d55015a","name":"suizomadrid","image":{"@type":"ImageObject","inLanguage":"de","@id":"https:\/\/secure.gravatar.com\/avatar\/?s=96&d=mm&r=g","url":"https:\/\/secure.gravatar.com\/avatar\/?s=96&d=mm&r=g","contentUrl":"https:\/\/secure.gravatar.com\/avatar\/?s=96&d=mm&r=g","caption":"suizomadrid"}}]}},"_links":{"self":[{"href":"https:\/\/colegiosuizomadrid.com\/de\/wp-json\/wp\/v2\/posts\/8441","targetHints":{"allow":["GET"]}}],"collection":[{"href":"https:\/\/colegiosuizomadrid.com\/de\/wp-json\/wp\/v2\/posts"}],"about":[{"href":"https:\/\/colegiosuizomadrid.com\/de\/wp-json\/wp\/v2\/types\/post"}],"author":[{"embeddable":true,"href":"https:\/\/colegiosuizomadrid.com\/de\/wp-json\/wp\/v2\/users\/3"}],"replies":[{"embeddable":true,"href":"https:\/\/colegiosuizomadrid.com\/de\/wp-json\/wp\/v2\/comments?post=8441"}],"version-history":[{"count":0,"href":"https:\/\/colegiosuizomadrid.com\/de\/wp-json\/wp\/v2\/posts\/8441\/revisions"}],"wp:attachment":[{"href":"https:\/\/colegiosuizomadrid.com\/de\/wp-json\/wp\/v2\/media?parent=8441"}],"wp:term":[{"taxonomy":"category","embeddable":true,"href":"https:\/\/colegiosuizomadrid.com\/de\/wp-json\/wp\/v2\/categories?post=8441"},{"taxonomy":"post_tag","embeddable":true,"href":"https:\/\/colegiosuizomadrid.com\/de\/wp-json\/wp\/v2\/tags?post=8441"}],"curies":[{"name":"wp","href":"https:\/\/api.w.org\/{rel}","templated":true}]}}