{"id":8156,"date":"2018-11-05T11:47:18","date_gmt":"2018-11-05T10:47:18","guid":{"rendered":"https:\/\/colegiosuizomadrid.com\/?p=6483"},"modified":"2018-11-05T11:47:18","modified_gmt":"2018-11-05T10:47:18","slug":"waldschule","status":"publish","type":"post","link":"https:\/\/colegiosuizomadrid.com\/de\/waldschule\/","title":{"rendered":"Waldschule"},"content":{"rendered":"<p>Ein Drittel der Schweiz ist mit Wald bedeckt und viele Schweizer haben eine starke Bindung zu ihrer wundersch\u00f6nen Natur. Seit vielen Jahren gibt es in der Schweiz Waldkinderg\u00e4rten und Waldschulen in denen die Kinder in und von der Natur lernen. Dieses p\u00e4dagogische Modell basiert auf zwei Erfolgsfaktoren f\u00fcr den Erwerb der im Lehrplan definierten Kompetenzen. Die Natur dient als Lernumgebung und die Kinder geniessen an der frischen Luft gr\u00f6ssere Freiheit um zu forschen, zu untersuchen und zu experimentieren.<\/p>\n<p>Nat\u00fcrlich m\u00f6chten wir auch an der Schweizer Schule Madrid von diesen Vorteilen profitieren und entwickelten ein \u00e4hnliches Projekt f\u00fcr die 1. bis 4. Klassen der Primarschule. Jeden Mittwoch und Freitag verbringt eine Klasse einen Morgen im nahegelegenen Wald in Alcobendas und verwandelt die Natur in ihr Klassenzimmer.<\/p>\n<p>Diese Schulstunden f\u00fchren wir im Freien und mit nat\u00fcrlichen Materialien durch. Wir brauchen weder B\u00fccher oder Spielsachen, sondern benutzen Steine, St\u00f6cke und die Erde um Mathematik- oder Sprachunterricht durchzuf\u00fchren. Die Natur erlaubt den Kindern zu f\u00fchlen, zu riechen und zu sehen. Viele direkte Sinneseindr\u00fccke durch die die Lernprozesse oftmals st\u00e4rker im Ged\u00e4chtnis verankert bleiben. Die Kinder atmen die frische Luft, rennen, klettern, erfinden Spiele, lernen und treten miteinander in Beziehung. Das alles f\u00f6rdert das Gef\u00fchl zu einer Gruppe zu geh\u00f6ren und den Respekt f\u00fcr die Natur.<\/p>\n<p><a href=\"https:\/\/colegiosuizomadrid.com\/wp-content\/uploads\/2018\/11\/2bosquescuela.jpg\"><img fetchpriority=\"high\" decoding=\"async\" class=\"alignleft size-full wp-image-6486\" src=\"https:\/\/colegiosuizomadrid.com\/wp-content\/uploads\/2018\/11\/2bosquescuela.jpg\" alt=\"\" width=\"1280\" height=\"960\" \/><\/a> <a href=\"https:\/\/colegiosuizomadrid.com\/wp-content\/uploads\/2018\/11\/3bosquescuela.jpg\"><img decoding=\"async\" class=\"alignleft size-full wp-image-6487\" src=\"https:\/\/colegiosuizomadrid.com\/wp-content\/uploads\/2018\/11\/3bosquescuela.jpg\" alt=\"\" width=\"1600\" height=\"1200\" \/><\/a><\/p>\n","protected":false},"excerpt":{"rendered":"<p>Ein Drittel der Schweiz ist mit Wald bedeckt und viele Schweizer haben eine starke Bindung zu ihrer wundersch\u00f6nen Natur. Seit vielen Jahren gibt es in der Schweiz Waldkinderg\u00e4rten und Waldschulen in denen die Kinder in und von der Natur lernen. Dieses p\u00e4dagogische Modell basiert auf zwei Erfolgsfaktoren f\u00fcr den Erwerb der im Lehrplan definierten Kompetenzen. [&hellip;]<\/p>\n","protected":false},"author":3,"featured_media":0,"comment_status":"open","ping_status":"open","sticky":false,"template":"","format":"standard","meta":{"footnotes":""},"categories":[],"tags":[],"class_list":["post-8156","post","type-post","status-publish","format-standard","hentry"],"yoast_head":"<!-- This site is optimized with the Yoast SEO plugin v27.5 - https:\/\/yoast.com\/product\/yoast-seo-wordpress\/ -->\n<title>Waldschule - Colegio Suizo de Madrid<\/title>\n<meta name=\"robots\" content=\"index, follow, max-snippet:-1, max-image-preview:large, max-video-preview:-1\" \/>\n<link rel=\"canonical\" href=\"https:\/\/colegiosuizomadrid.com\/de\/waldschule\/\" \/>\n<meta property=\"og:locale\" content=\"de_DE\" \/>\n<meta property=\"og:type\" content=\"article\" \/>\n<meta property=\"og:title\" content=\"Waldschule - Colegio Suizo de Madrid\" \/>\n<meta property=\"og:description\" content=\"Ein Drittel der Schweiz ist mit Wald bedeckt und viele Schweizer haben eine starke Bindung zu ihrer wundersch\u00f6nen Natur. Seit vielen Jahren gibt es in der Schweiz Waldkinderg\u00e4rten und Waldschulen in denen die Kinder in und von der Natur lernen. Dieses p\u00e4dagogische Modell basiert auf zwei Erfolgsfaktoren f\u00fcr den Erwerb der im Lehrplan definierten Kompetenzen. [&hellip;]\" \/>\n<meta property=\"og:url\" content=\"https:\/\/colegiosuizomadrid.com\/de\/waldschule\/\" \/>\n<meta property=\"og:site_name\" content=\"Colegio Suizo de Madrid\" \/>\n<meta property=\"article:published_time\" content=\"2018-11-05T10:47:18+00:00\" \/>\n<meta property=\"og:image\" content=\"https:\/\/colegiosuizomadrid.com\/wp-content\/uploads\/2018\/11\/2bosquescuela.jpg\" \/>\n<meta name=\"author\" content=\"suizomadrid\" \/>\n<meta name=\"twitter:card\" content=\"summary_large_image\" \/>\n<meta name=\"twitter:label1\" content=\"Verfasst von\" \/>\n\t<meta name=\"twitter:data1\" content=\"suizomadrid\" \/>\n\t<meta name=\"twitter:label2\" content=\"Gesch\u00e4tzte Lesezeit\" \/>\n\t<meta name=\"twitter:data2\" content=\"1\u00a0Minute\" \/>\n<script type=\"application\/ld+json\" class=\"yoast-schema-graph\">{\"@context\":\"https:\\\/\\\/schema.org\",\"@graph\":[{\"@type\":\"Article\",\"@id\":\"https:\\\/\\\/colegiosuizomadrid.com\\\/de\\\/waldschule\\\/#article\",\"isPartOf\":{\"@id\":\"https:\\\/\\\/colegiosuizomadrid.com\\\/de\\\/waldschule\\\/\"},\"author\":{\"name\":\"suizomadrid\",\"@id\":\"https:\\\/\\\/colegiosuizomadrid.com\\\/#\\\/schema\\\/person\\\/200c9600273f423dbb80729c2d55015a\"},\"headline\":\"Waldschule\",\"datePublished\":\"2018-11-05T10:47:18+00:00\",\"mainEntityOfPage\":{\"@id\":\"https:\\\/\\\/colegiosuizomadrid.com\\\/de\\\/waldschule\\\/\"},\"wordCount\":231,\"commentCount\":0,\"publisher\":{\"@id\":\"https:\\\/\\\/colegiosuizomadrid.com\\\/#organization\"},\"image\":{\"@id\":\"https:\\\/\\\/colegiosuizomadrid.com\\\/de\\\/waldschule\\\/#primaryimage\"},\"thumbnailUrl\":\"https:\\\/\\\/colegiosuizomadrid.com\\\/wp-content\\\/uploads\\\/2018\\\/11\\\/2bosquescuela.jpg\",\"inLanguage\":\"de\",\"potentialAction\":[{\"@type\":\"CommentAction\",\"name\":\"Comment\",\"target\":[\"https:\\\/\\\/colegiosuizomadrid.com\\\/de\\\/waldschule\\\/#respond\"]}]},{\"@type\":\"WebPage\",\"@id\":\"https:\\\/\\\/colegiosuizomadrid.com\\\/de\\\/waldschule\\\/\",\"url\":\"https:\\\/\\\/colegiosuizomadrid.com\\\/de\\\/waldschule\\\/\",\"name\":\"Waldschule - Colegio Suizo de Madrid\",\"isPartOf\":{\"@id\":\"https:\\\/\\\/colegiosuizomadrid.com\\\/#website\"},\"primaryImageOfPage\":{\"@id\":\"https:\\\/\\\/colegiosuizomadrid.com\\\/de\\\/waldschule\\\/#primaryimage\"},\"image\":{\"@id\":\"https:\\\/\\\/colegiosuizomadrid.com\\\/de\\\/waldschule\\\/#primaryimage\"},\"thumbnailUrl\":\"https:\\\/\\\/colegiosuizomadrid.com\\\/wp-content\\\/uploads\\\/2018\\\/11\\\/2bosquescuela.jpg\",\"datePublished\":\"2018-11-05T10:47:18+00:00\",\"breadcrumb\":{\"@id\":\"https:\\\/\\\/colegiosuizomadrid.com\\\/de\\\/waldschule\\\/#breadcrumb\"},\"inLanguage\":\"de\",\"potentialAction\":[{\"@type\":\"ReadAction\",\"target\":[\"https:\\\/\\\/colegiosuizomadrid.com\\\/de\\\/waldschule\\\/\"]}]},{\"@type\":\"ImageObject\",\"inLanguage\":\"de\",\"@id\":\"https:\\\/\\\/colegiosuizomadrid.com\\\/de\\\/waldschule\\\/#primaryimage\",\"url\":\"https:\\\/\\\/colegiosuizomadrid.com\\\/wp-content\\\/uploads\\\/2018\\\/11\\\/2bosquescuela.jpg\",\"contentUrl\":\"https:\\\/\\\/colegiosuizomadrid.com\\\/wp-content\\\/uploads\\\/2018\\\/11\\\/2bosquescuela.jpg\"},{\"@type\":\"BreadcrumbList\",\"@id\":\"https:\\\/\\\/colegiosuizomadrid.com\\\/de\\\/waldschule\\\/#breadcrumb\",\"itemListElement\":[{\"@type\":\"ListItem\",\"position\":1,\"name\":\"Portada\",\"item\":\"https:\\\/\\\/colegiosuizomadrid.com\\\/\"},{\"@type\":\"ListItem\",\"position\":2,\"name\":\"Waldschule\"}]},{\"@type\":\"WebSite\",\"@id\":\"https:\\\/\\\/colegiosuizomadrid.com\\\/#website\",\"url\":\"https:\\\/\\\/colegiosuizomadrid.com\\\/\",\"name\":\"Colegio Suizo de Madrid\",\"description\":\"\",\"publisher\":{\"@id\":\"https:\\\/\\\/colegiosuizomadrid.com\\\/#organization\"},\"potentialAction\":[{\"@type\":\"SearchAction\",\"target\":{\"@type\":\"EntryPoint\",\"urlTemplate\":\"https:\\\/\\\/colegiosuizomadrid.com\\\/?s={search_term_string}\"},\"query-input\":{\"@type\":\"PropertyValueSpecification\",\"valueRequired\":true,\"valueName\":\"search_term_string\"}}],\"inLanguage\":\"de\"},{\"@type\":\"Organization\",\"@id\":\"https:\\\/\\\/colegiosuizomadrid.com\\\/#organization\",\"name\":\"Colegio Suizo de Madrid\",\"url\":\"https:\\\/\\\/colegiosuizomadrid.com\\\/\",\"logo\":{\"@type\":\"ImageObject\",\"inLanguage\":\"de\",\"@id\":\"https:\\\/\\\/colegiosuizomadrid.com\\\/#\\\/schema\\\/logo\\\/image\\\/\",\"url\":\"https:\\\/\\\/colegiosuizomadrid.com\\\/beta\\\/wp-content\\\/uploads\\\/2020\\\/03\\\/Logo-50-Aniv-Colegio-Suizo-Madrid-1.png\",\"contentUrl\":\"https:\\\/\\\/colegiosuizomadrid.com\\\/beta\\\/wp-content\\\/uploads\\\/2020\\\/03\\\/Logo-50-Aniv-Colegio-Suizo-Madrid-1.png\",\"width\":300,\"height\":75,\"caption\":\"Colegio Suizo de Madrid\"},\"image\":{\"@id\":\"https:\\\/\\\/colegiosuizomadrid.com\\\/#\\\/schema\\\/logo\\\/image\\\/\"}},{\"@type\":\"Person\",\"@id\":\"https:\\\/\\\/colegiosuizomadrid.com\\\/#\\\/schema\\\/person\\\/200c9600273f423dbb80729c2d55015a\",\"name\":\"suizomadrid\",\"image\":{\"@type\":\"ImageObject\",\"inLanguage\":\"de\",\"@id\":\"https:\\\/\\\/secure.gravatar.com\\\/avatar\\\/?s=96&d=mm&r=g\",\"url\":\"https:\\\/\\\/secure.gravatar.com\\\/avatar\\\/?s=96&d=mm&r=g\",\"contentUrl\":\"https:\\\/\\\/secure.gravatar.com\\\/avatar\\\/?s=96&d=mm&r=g\",\"caption\":\"suizomadrid\"}}]}<\/script>\n<!-- \/ Yoast SEO plugin. -->","yoast_head_json":{"title":"Waldschule - Colegio Suizo de Madrid","robots":{"index":"index","follow":"follow","max-snippet":"max-snippet:-1","max-image-preview":"max-image-preview:large","max-video-preview":"max-video-preview:-1"},"canonical":"https:\/\/colegiosuizomadrid.com\/de\/waldschule\/","og_locale":"de_DE","og_type":"article","og_title":"Waldschule - Colegio Suizo de Madrid","og_description":"Ein Drittel der Schweiz ist mit Wald bedeckt und viele Schweizer haben eine starke Bindung zu ihrer wundersch\u00f6nen Natur. Seit vielen Jahren gibt es in der Schweiz Waldkinderg\u00e4rten und Waldschulen in denen die Kinder in und von der Natur lernen. Dieses p\u00e4dagogische Modell basiert auf zwei Erfolgsfaktoren f\u00fcr den Erwerb der im Lehrplan definierten Kompetenzen. [&hellip;]","og_url":"https:\/\/colegiosuizomadrid.com\/de\/waldschule\/","og_site_name":"Colegio Suizo de Madrid","article_published_time":"2018-11-05T10:47:18+00:00","og_image":[{"url":"https:\/\/colegiosuizomadrid.com\/wp-content\/uploads\/2018\/11\/2bosquescuela.jpg","type":"","width":"","height":""}],"author":"suizomadrid","twitter_card":"summary_large_image","twitter_misc":{"Verfasst von":"suizomadrid","Gesch\u00e4tzte Lesezeit":"1\u00a0Minute"},"schema":{"@context":"https:\/\/schema.org","@graph":[{"@type":"Article","@id":"https:\/\/colegiosuizomadrid.com\/de\/waldschule\/#article","isPartOf":{"@id":"https:\/\/colegiosuizomadrid.com\/de\/waldschule\/"},"author":{"name":"suizomadrid","@id":"https:\/\/colegiosuizomadrid.com\/#\/schema\/person\/200c9600273f423dbb80729c2d55015a"},"headline":"Waldschule","datePublished":"2018-11-05T10:47:18+00:00","mainEntityOfPage":{"@id":"https:\/\/colegiosuizomadrid.com\/de\/waldschule\/"},"wordCount":231,"commentCount":0,"publisher":{"@id":"https:\/\/colegiosuizomadrid.com\/#organization"},"image":{"@id":"https:\/\/colegiosuizomadrid.com\/de\/waldschule\/#primaryimage"},"thumbnailUrl":"https:\/\/colegiosuizomadrid.com\/wp-content\/uploads\/2018\/11\/2bosquescuela.jpg","inLanguage":"de","potentialAction":[{"@type":"CommentAction","name":"Comment","target":["https:\/\/colegiosuizomadrid.com\/de\/waldschule\/#respond"]}]},{"@type":"WebPage","@id":"https:\/\/colegiosuizomadrid.com\/de\/waldschule\/","url":"https:\/\/colegiosuizomadrid.com\/de\/waldschule\/","name":"Waldschule - Colegio Suizo de Madrid","isPartOf":{"@id":"https:\/\/colegiosuizomadrid.com\/#website"},"primaryImageOfPage":{"@id":"https:\/\/colegiosuizomadrid.com\/de\/waldschule\/#primaryimage"},"image":{"@id":"https:\/\/colegiosuizomadrid.com\/de\/waldschule\/#primaryimage"},"thumbnailUrl":"https:\/\/colegiosuizomadrid.com\/wp-content\/uploads\/2018\/11\/2bosquescuela.jpg","datePublished":"2018-11-05T10:47:18+00:00","breadcrumb":{"@id":"https:\/\/colegiosuizomadrid.com\/de\/waldschule\/#breadcrumb"},"inLanguage":"de","potentialAction":[{"@type":"ReadAction","target":["https:\/\/colegiosuizomadrid.com\/de\/waldschule\/"]}]},{"@type":"ImageObject","inLanguage":"de","@id":"https:\/\/colegiosuizomadrid.com\/de\/waldschule\/#primaryimage","url":"https:\/\/colegiosuizomadrid.com\/wp-content\/uploads\/2018\/11\/2bosquescuela.jpg","contentUrl":"https:\/\/colegiosuizomadrid.com\/wp-content\/uploads\/2018\/11\/2bosquescuela.jpg"},{"@type":"BreadcrumbList","@id":"https:\/\/colegiosuizomadrid.com\/de\/waldschule\/#breadcrumb","itemListElement":[{"@type":"ListItem","position":1,"name":"Portada","item":"https:\/\/colegiosuizomadrid.com\/"},{"@type":"ListItem","position":2,"name":"Waldschule"}]},{"@type":"WebSite","@id":"https:\/\/colegiosuizomadrid.com\/#website","url":"https:\/\/colegiosuizomadrid.com\/","name":"Colegio Suizo de Madrid","description":"","publisher":{"@id":"https:\/\/colegiosuizomadrid.com\/#organization"},"potentialAction":[{"@type":"SearchAction","target":{"@type":"EntryPoint","urlTemplate":"https:\/\/colegiosuizomadrid.com\/?s={search_term_string}"},"query-input":{"@type":"PropertyValueSpecification","valueRequired":true,"valueName":"search_term_string"}}],"inLanguage":"de"},{"@type":"Organization","@id":"https:\/\/colegiosuizomadrid.com\/#organization","name":"Colegio Suizo de Madrid","url":"https:\/\/colegiosuizomadrid.com\/","logo":{"@type":"ImageObject","inLanguage":"de","@id":"https:\/\/colegiosuizomadrid.com\/#\/schema\/logo\/image\/","url":"https:\/\/colegiosuizomadrid.com\/beta\/wp-content\/uploads\/2020\/03\/Logo-50-Aniv-Colegio-Suizo-Madrid-1.png","contentUrl":"https:\/\/colegiosuizomadrid.com\/beta\/wp-content\/uploads\/2020\/03\/Logo-50-Aniv-Colegio-Suizo-Madrid-1.png","width":300,"height":75,"caption":"Colegio Suizo de Madrid"},"image":{"@id":"https:\/\/colegiosuizomadrid.com\/#\/schema\/logo\/image\/"}},{"@type":"Person","@id":"https:\/\/colegiosuizomadrid.com\/#\/schema\/person\/200c9600273f423dbb80729c2d55015a","name":"suizomadrid","image":{"@type":"ImageObject","inLanguage":"de","@id":"https:\/\/secure.gravatar.com\/avatar\/?s=96&d=mm&r=g","url":"https:\/\/secure.gravatar.com\/avatar\/?s=96&d=mm&r=g","contentUrl":"https:\/\/secure.gravatar.com\/avatar\/?s=96&d=mm&r=g","caption":"suizomadrid"}}]}},"_links":{"self":[{"href":"https:\/\/colegiosuizomadrid.com\/de\/wp-json\/wp\/v2\/posts\/8156","targetHints":{"allow":["GET"]}}],"collection":[{"href":"https:\/\/colegiosuizomadrid.com\/de\/wp-json\/wp\/v2\/posts"}],"about":[{"href":"https:\/\/colegiosuizomadrid.com\/de\/wp-json\/wp\/v2\/types\/post"}],"author":[{"embeddable":true,"href":"https:\/\/colegiosuizomadrid.com\/de\/wp-json\/wp\/v2\/users\/3"}],"replies":[{"embeddable":true,"href":"https:\/\/colegiosuizomadrid.com\/de\/wp-json\/wp\/v2\/comments?post=8156"}],"version-history":[{"count":0,"href":"https:\/\/colegiosuizomadrid.com\/de\/wp-json\/wp\/v2\/posts\/8156\/revisions"}],"wp:attachment":[{"href":"https:\/\/colegiosuizomadrid.com\/de\/wp-json\/wp\/v2\/media?parent=8156"}],"wp:term":[{"taxonomy":"category","embeddable":true,"href":"https:\/\/colegiosuizomadrid.com\/de\/wp-json\/wp\/v2\/categories?post=8156"},{"taxonomy":"post_tag","embeddable":true,"href":"https:\/\/colegiosuizomadrid.com\/de\/wp-json\/wp\/v2\/tags?post=8156"}],"curies":[{"name":"wp","href":"https:\/\/api.w.org\/{rel}","templated":true}]}}