{"id":8121,"date":"2018-04-25T15:27:48","date_gmt":"2018-04-25T13:27:48","guid":{"rendered":"https:\/\/colegiosuizomadrid.com\/?p=6177"},"modified":"2018-04-25T15:27:48","modified_gmt":"2018-04-25T13:27:48","slug":"besuch-von-regierungspraesident-christian-amsler-an-der-schweizer-schule-madrid","status":"publish","type":"post","link":"https:\/\/colegiosuizomadrid.com\/de\/besuch-von-regierungspraesident-christian-amsler-an-der-schweizer-schule-madrid\/","title":{"rendered":"Besuch von Regierungspr\u00e4sident Christian Amsler an der Schweizer Schule Madrid"},"content":{"rendered":"<p>Erstmals in seiner 8-j\u00e4hrigen Amtszeit als Schaffhauser Bildungsdirektor hat Regierungspr\u00e4sident Christian Amsler die Schweizer Schule Madrid besucht. Dabei zeigte er sich sehr beeindruckt von der ausgezeichneten Arbeit an dieser gut gef\u00fchrten Schule.<\/p>\n<p>Der Kanton Schaffhausen hat das Patronat der Schweizer Schule Madrid inne und verpflichtet sich damit zur p\u00e4dagogischen Aufsicht der Schule. J\u00e4hrlich nehmen Experten aus Schaffhausen die Maturit\u00e4tspr\u00fcfungen in Madrid ab und alle zwei Jahre begutachtet ein Inspektoren-Duo die Arbeit der Lehrpersonen an der Schule.<\/p>\n<p>Neben dem Schulbesuch standen aussenpolitische Treffen im spanischen Bildungsministerium und an der Schweizer Botschaft auf dem Programm. Die Schweizer Schule hat\u00a0 mit dem B\u00fcrgermeister von Alcobendas, Ignacio Garc\u00eda de Vinuesa eine gemeinsame Vereinbarung unterzeichnet, die\u00a0 den gegenseitigen Austausch, gemeinsame Projekte und die freie Ben\u00fctzung der hochmodernen Bibliothek der Stadt Alcobendas regelt. Diese Vereinbarung aktiviert eine rege und lebendige Beziehung zwischen Alcobendas und dem CSM. Der Schule bedeutet es sehr viel, diese T\u00fcr ge\u00f6ffnet zu haben.<\/p>\n<p>Zudem besuchte die Schaffhauser Delegation den Unterricht einer \u00f6ffentlichen spanischen Schule in Alcobendas. Das Colegio Luis Bu\u00f1uel zeichnet sich durch innovative p\u00e4dagogische Schulentwicklung aus und wird als bilinguale Schule Englisch-Spanisch gef\u00fchrt.<\/p>\n<p>Auf dem intensiven, durchgetakteten Programm standen auch Meetings im spanischen Bildungsministerium mit dem spanischen Staatssekret\u00e4r f\u00fcr Bildung, Marcial Mar\u00edn Hell\u00edn, dem spanischen Vizedirektor der internationalen Bildungskooperation und Promotion, David Ferr\u00e1n, dem Vizedirektor der Bildungsverordnung, Jos\u00e9 Mar\u00eda Cabello S\u00e1enz de Santa Mar\u00eda, dem Direktor der Bildungsplanung und Verwaltung, Jos\u00e9 Mar\u00eda\u00a0 Fern\u00e1ndez Lacasa und mit Giulio Haas, dem Schweizer Botschafter in Madrid.<\/p>\n<p>Besucht wurde im Rahmenprogramm auch die eindr\u00fcckliche k\u00f6nigliche Tanzakademie und das Teatro Real.<\/p>\n<p><a href=\"https:\/\/colegiosuizomadrid.com\/wp-content\/uploads\/2018\/04\/50c3182b-bb60-4286-94ba-101f7a969f09.jpg\"><img fetchpriority=\"high\" decoding=\"async\" class=\"alignleft wp-image-6170\" src=\"https:\/\/colegiosuizomadrid.com\/wp-content\/uploads\/2018\/04\/50c3182b-bb60-4286-94ba-101f7a969f09.jpg\" alt=\"\" width=\"272\" height=\"204\" \/><\/a>\u00a0\u00a0 <a href=\"https:\/\/colegiosuizomadrid.com\/wp-content\/uploads\/2018\/04\/IMG_3115.jpg\"><img decoding=\"async\" class=\"alignleft wp-image-6171\" src=\"https:\/\/colegiosuizomadrid.com\/wp-content\/uploads\/2018\/04\/IMG_3115.jpg\" alt=\"\" width=\"261\" height=\"196\" \/><\/a><\/p>\n","protected":false},"excerpt":{"rendered":"<p>Erstmals in seiner 8-j\u00e4hrigen Amtszeit als Schaffhauser Bildungsdirektor hat Regierungspr\u00e4sident Christian Amsler die Schweizer Schule Madrid besucht. Dabei zeigte er sich sehr beeindruckt von der ausgezeichneten Arbeit an dieser gut gef\u00fchrten Schule. Der Kanton Schaffhausen hat das Patronat der Schweizer Schule Madrid inne und verpflichtet sich damit zur p\u00e4dagogischen Aufsicht der Schule. J\u00e4hrlich nehmen Experten [&hellip;]<\/p>\n","protected":false},"author":3,"featured_media":6178,"comment_status":"open","ping_status":"open","sticky":false,"template":"","format":"standard","meta":{"footnotes":""},"categories":[],"tags":[],"class_list":["post-8121","post","type-post","status-publish","format-standard","has-post-thumbnail","hentry"],"yoast_head":"<!-- This site is optimized with the Yoast SEO plugin v27.5 - https:\/\/yoast.com\/product\/yoast-seo-wordpress\/ -->\n<title>Besuch von Regierungspr\u00e4sident Christian Amsler an der Schweizer Schule Madrid - Colegio Suizo de Madrid<\/title>\n<meta name=\"robots\" content=\"index, follow, max-snippet:-1, max-image-preview:large, max-video-preview:-1\" \/>\n<link rel=\"canonical\" href=\"https:\/\/colegiosuizomadrid.com\/de\/besuch-von-regierungspraesident-christian-amsler-an-der-schweizer-schule-madrid\/\" \/>\n<meta property=\"og:locale\" content=\"de_DE\" \/>\n<meta property=\"og:type\" content=\"article\" \/>\n<meta property=\"og:title\" content=\"Besuch von Regierungspr\u00e4sident Christian Amsler an der Schweizer Schule Madrid - Colegio Suizo de Madrid\" \/>\n<meta property=\"og:description\" content=\"Erstmals in seiner 8-j\u00e4hrigen Amtszeit als Schaffhauser Bildungsdirektor hat Regierungspr\u00e4sident Christian Amsler die Schweizer Schule Madrid besucht. Dabei zeigte er sich sehr beeindruckt von der ausgezeichneten Arbeit an dieser gut gef\u00fchrten Schule. Der Kanton Schaffhausen hat das Patronat der Schweizer Schule Madrid inne und verpflichtet sich damit zur p\u00e4dagogischen Aufsicht der Schule. J\u00e4hrlich nehmen Experten [&hellip;]\" \/>\n<meta property=\"og:url\" content=\"https:\/\/colegiosuizomadrid.com\/de\/besuch-von-regierungspraesident-christian-amsler-an-der-schweizer-schule-madrid\/\" \/>\n<meta property=\"og:site_name\" content=\"Colegio Suizo de Madrid\" \/>\n<meta property=\"article:published_time\" content=\"2018-04-25T13:27:48+00:00\" \/>\n<meta name=\"author\" content=\"suizomadrid\" \/>\n<meta name=\"twitter:card\" content=\"summary_large_image\" \/>\n<meta name=\"twitter:label1\" content=\"Verfasst von\" \/>\n\t<meta name=\"twitter:data1\" content=\"suizomadrid\" \/>\n\t<meta name=\"twitter:label2\" content=\"Gesch\u00e4tzte Lesezeit\" \/>\n\t<meta name=\"twitter:data2\" content=\"1\u00a0Minute\" \/>\n<script type=\"application\/ld+json\" class=\"yoast-schema-graph\">{\"@context\":\"https:\\\/\\\/schema.org\",\"@graph\":[{\"@type\":\"Article\",\"@id\":\"https:\\\/\\\/colegiosuizomadrid.com\\\/de\\\/besuch-von-regierungspraesident-christian-amsler-an-der-schweizer-schule-madrid\\\/#article\",\"isPartOf\":{\"@id\":\"https:\\\/\\\/colegiosuizomadrid.com\\\/de\\\/besuch-von-regierungspraesident-christian-amsler-an-der-schweizer-schule-madrid\\\/\"},\"author\":{\"name\":\"suizomadrid\",\"@id\":\"https:\\\/\\\/colegiosuizomadrid.com\\\/#\\\/schema\\\/person\\\/200c9600273f423dbb80729c2d55015a\"},\"headline\":\"Besuch von Regierungspr\u00e4sident Christian Amsler an der Schweizer Schule Madrid\",\"datePublished\":\"2018-04-25T13:27:48+00:00\",\"mainEntityOfPage\":{\"@id\":\"https:\\\/\\\/colegiosuizomadrid.com\\\/de\\\/besuch-von-regierungspraesident-christian-amsler-an-der-schweizer-schule-madrid\\\/\"},\"wordCount\":293,\"commentCount\":0,\"publisher\":{\"@id\":\"https:\\\/\\\/colegiosuizomadrid.com\\\/#organization\"},\"image\":{\"@id\":\"https:\\\/\\\/colegiosuizomadrid.com\\\/de\\\/besuch-von-regierungspraesident-christian-amsler-an-der-schweizer-schule-madrid\\\/#primaryimage\"},\"thumbnailUrl\":\"\",\"inLanguage\":\"de\",\"potentialAction\":[{\"@type\":\"CommentAction\",\"name\":\"Comment\",\"target\":[\"https:\\\/\\\/colegiosuizomadrid.com\\\/de\\\/besuch-von-regierungspraesident-christian-amsler-an-der-schweizer-schule-madrid\\\/#respond\"]}]},{\"@type\":\"WebPage\",\"@id\":\"https:\\\/\\\/colegiosuizomadrid.com\\\/de\\\/besuch-von-regierungspraesident-christian-amsler-an-der-schweizer-schule-madrid\\\/\",\"url\":\"https:\\\/\\\/colegiosuizomadrid.com\\\/de\\\/besuch-von-regierungspraesident-christian-amsler-an-der-schweizer-schule-madrid\\\/\",\"name\":\"Besuch von Regierungspr\u00e4sident Christian Amsler an der Schweizer Schule Madrid - Colegio Suizo de Madrid\",\"isPartOf\":{\"@id\":\"https:\\\/\\\/colegiosuizomadrid.com\\\/#website\"},\"primaryImageOfPage\":{\"@id\":\"https:\\\/\\\/colegiosuizomadrid.com\\\/de\\\/besuch-von-regierungspraesident-christian-amsler-an-der-schweizer-schule-madrid\\\/#primaryimage\"},\"image\":{\"@id\":\"https:\\\/\\\/colegiosuizomadrid.com\\\/de\\\/besuch-von-regierungspraesident-christian-amsler-an-der-schweizer-schule-madrid\\\/#primaryimage\"},\"thumbnailUrl\":\"\",\"datePublished\":\"2018-04-25T13:27:48+00:00\",\"breadcrumb\":{\"@id\":\"https:\\\/\\\/colegiosuizomadrid.com\\\/de\\\/besuch-von-regierungspraesident-christian-amsler-an-der-schweizer-schule-madrid\\\/#breadcrumb\"},\"inLanguage\":\"de\",\"potentialAction\":[{\"@type\":\"ReadAction\",\"target\":[\"https:\\\/\\\/colegiosuizomadrid.com\\\/de\\\/besuch-von-regierungspraesident-christian-amsler-an-der-schweizer-schule-madrid\\\/\"]}]},{\"@type\":\"ImageObject\",\"inLanguage\":\"de\",\"@id\":\"https:\\\/\\\/colegiosuizomadrid.com\\\/de\\\/besuch-von-regierungspraesident-christian-amsler-an-der-schweizer-schule-madrid\\\/#primaryimage\",\"url\":\"\",\"contentUrl\":\"\"},{\"@type\":\"BreadcrumbList\",\"@id\":\"https:\\\/\\\/colegiosuizomadrid.com\\\/de\\\/besuch-von-regierungspraesident-christian-amsler-an-der-schweizer-schule-madrid\\\/#breadcrumb\",\"itemListElement\":[{\"@type\":\"ListItem\",\"position\":1,\"name\":\"Portada\",\"item\":\"https:\\\/\\\/colegiosuizomadrid.com\\\/\"},{\"@type\":\"ListItem\",\"position\":2,\"name\":\"Besuch von Regierungspr\u00e4sident Christian Amsler an der Schweizer Schule Madrid\"}]},{\"@type\":\"WebSite\",\"@id\":\"https:\\\/\\\/colegiosuizomadrid.com\\\/#website\",\"url\":\"https:\\\/\\\/colegiosuizomadrid.com\\\/\",\"name\":\"Colegio Suizo de Madrid\",\"description\":\"\",\"publisher\":{\"@id\":\"https:\\\/\\\/colegiosuizomadrid.com\\\/#organization\"},\"potentialAction\":[{\"@type\":\"SearchAction\",\"target\":{\"@type\":\"EntryPoint\",\"urlTemplate\":\"https:\\\/\\\/colegiosuizomadrid.com\\\/?s={search_term_string}\"},\"query-input\":{\"@type\":\"PropertyValueSpecification\",\"valueRequired\":true,\"valueName\":\"search_term_string\"}}],\"inLanguage\":\"de\"},{\"@type\":\"Organization\",\"@id\":\"https:\\\/\\\/colegiosuizomadrid.com\\\/#organization\",\"name\":\"Colegio Suizo de Madrid\",\"url\":\"https:\\\/\\\/colegiosuizomadrid.com\\\/\",\"logo\":{\"@type\":\"ImageObject\",\"inLanguage\":\"de\",\"@id\":\"https:\\\/\\\/colegiosuizomadrid.com\\\/#\\\/schema\\\/logo\\\/image\\\/\",\"url\":\"https:\\\/\\\/colegiosuizomadrid.com\\\/beta\\\/wp-content\\\/uploads\\\/2020\\\/03\\\/Logo-50-Aniv-Colegio-Suizo-Madrid-1.png\",\"contentUrl\":\"https:\\\/\\\/colegiosuizomadrid.com\\\/beta\\\/wp-content\\\/uploads\\\/2020\\\/03\\\/Logo-50-Aniv-Colegio-Suizo-Madrid-1.png\",\"width\":300,\"height\":75,\"caption\":\"Colegio Suizo de Madrid\"},\"image\":{\"@id\":\"https:\\\/\\\/colegiosuizomadrid.com\\\/#\\\/schema\\\/logo\\\/image\\\/\"}},{\"@type\":\"Person\",\"@id\":\"https:\\\/\\\/colegiosuizomadrid.com\\\/#\\\/schema\\\/person\\\/200c9600273f423dbb80729c2d55015a\",\"name\":\"suizomadrid\",\"image\":{\"@type\":\"ImageObject\",\"inLanguage\":\"de\",\"@id\":\"https:\\\/\\\/secure.gravatar.com\\\/avatar\\\/?s=96&d=mm&r=g\",\"url\":\"https:\\\/\\\/secure.gravatar.com\\\/avatar\\\/?s=96&d=mm&r=g\",\"contentUrl\":\"https:\\\/\\\/secure.gravatar.com\\\/avatar\\\/?s=96&d=mm&r=g\",\"caption\":\"suizomadrid\"}}]}<\/script>\n<!-- \/ Yoast SEO plugin. -->","yoast_head_json":{"title":"Besuch von Regierungspr\u00e4sident Christian Amsler an der Schweizer Schule Madrid - Colegio Suizo de Madrid","robots":{"index":"index","follow":"follow","max-snippet":"max-snippet:-1","max-image-preview":"max-image-preview:large","max-video-preview":"max-video-preview:-1"},"canonical":"https:\/\/colegiosuizomadrid.com\/de\/besuch-von-regierungspraesident-christian-amsler-an-der-schweizer-schule-madrid\/","og_locale":"de_DE","og_type":"article","og_title":"Besuch von Regierungspr\u00e4sident Christian Amsler an der Schweizer Schule Madrid - Colegio Suizo de Madrid","og_description":"Erstmals in seiner 8-j\u00e4hrigen Amtszeit als Schaffhauser Bildungsdirektor hat Regierungspr\u00e4sident Christian Amsler die Schweizer Schule Madrid besucht. Dabei zeigte er sich sehr beeindruckt von der ausgezeichneten Arbeit an dieser gut gef\u00fchrten Schule. Der Kanton Schaffhausen hat das Patronat der Schweizer Schule Madrid inne und verpflichtet sich damit zur p\u00e4dagogischen Aufsicht der Schule. J\u00e4hrlich nehmen Experten [&hellip;]","og_url":"https:\/\/colegiosuizomadrid.com\/de\/besuch-von-regierungspraesident-christian-amsler-an-der-schweizer-schule-madrid\/","og_site_name":"Colegio Suizo de Madrid","article_published_time":"2018-04-25T13:27:48+00:00","author":"suizomadrid","twitter_card":"summary_large_image","twitter_misc":{"Verfasst von":"suizomadrid","Gesch\u00e4tzte Lesezeit":"1\u00a0Minute"},"schema":{"@context":"https:\/\/schema.org","@graph":[{"@type":"Article","@id":"https:\/\/colegiosuizomadrid.com\/de\/besuch-von-regierungspraesident-christian-amsler-an-der-schweizer-schule-madrid\/#article","isPartOf":{"@id":"https:\/\/colegiosuizomadrid.com\/de\/besuch-von-regierungspraesident-christian-amsler-an-der-schweizer-schule-madrid\/"},"author":{"name":"suizomadrid","@id":"https:\/\/colegiosuizomadrid.com\/#\/schema\/person\/200c9600273f423dbb80729c2d55015a"},"headline":"Besuch von Regierungspr\u00e4sident Christian Amsler an der Schweizer Schule Madrid","datePublished":"2018-04-25T13:27:48+00:00","mainEntityOfPage":{"@id":"https:\/\/colegiosuizomadrid.com\/de\/besuch-von-regierungspraesident-christian-amsler-an-der-schweizer-schule-madrid\/"},"wordCount":293,"commentCount":0,"publisher":{"@id":"https:\/\/colegiosuizomadrid.com\/#organization"},"image":{"@id":"https:\/\/colegiosuizomadrid.com\/de\/besuch-von-regierungspraesident-christian-amsler-an-der-schweizer-schule-madrid\/#primaryimage"},"thumbnailUrl":"","inLanguage":"de","potentialAction":[{"@type":"CommentAction","name":"Comment","target":["https:\/\/colegiosuizomadrid.com\/de\/besuch-von-regierungspraesident-christian-amsler-an-der-schweizer-schule-madrid\/#respond"]}]},{"@type":"WebPage","@id":"https:\/\/colegiosuizomadrid.com\/de\/besuch-von-regierungspraesident-christian-amsler-an-der-schweizer-schule-madrid\/","url":"https:\/\/colegiosuizomadrid.com\/de\/besuch-von-regierungspraesident-christian-amsler-an-der-schweizer-schule-madrid\/","name":"Besuch von Regierungspr\u00e4sident Christian Amsler an der Schweizer Schule Madrid - Colegio Suizo de Madrid","isPartOf":{"@id":"https:\/\/colegiosuizomadrid.com\/#website"},"primaryImageOfPage":{"@id":"https:\/\/colegiosuizomadrid.com\/de\/besuch-von-regierungspraesident-christian-amsler-an-der-schweizer-schule-madrid\/#primaryimage"},"image":{"@id":"https:\/\/colegiosuizomadrid.com\/de\/besuch-von-regierungspraesident-christian-amsler-an-der-schweizer-schule-madrid\/#primaryimage"},"thumbnailUrl":"","datePublished":"2018-04-25T13:27:48+00:00","breadcrumb":{"@id":"https:\/\/colegiosuizomadrid.com\/de\/besuch-von-regierungspraesident-christian-amsler-an-der-schweizer-schule-madrid\/#breadcrumb"},"inLanguage":"de","potentialAction":[{"@type":"ReadAction","target":["https:\/\/colegiosuizomadrid.com\/de\/besuch-von-regierungspraesident-christian-amsler-an-der-schweizer-schule-madrid\/"]}]},{"@type":"ImageObject","inLanguage":"de","@id":"https:\/\/colegiosuizomadrid.com\/de\/besuch-von-regierungspraesident-christian-amsler-an-der-schweizer-schule-madrid\/#primaryimage","url":"","contentUrl":""},{"@type":"BreadcrumbList","@id":"https:\/\/colegiosuizomadrid.com\/de\/besuch-von-regierungspraesident-christian-amsler-an-der-schweizer-schule-madrid\/#breadcrumb","itemListElement":[{"@type":"ListItem","position":1,"name":"Portada","item":"https:\/\/colegiosuizomadrid.com\/"},{"@type":"ListItem","position":2,"name":"Besuch von Regierungspr\u00e4sident Christian Amsler an der Schweizer Schule Madrid"}]},{"@type":"WebSite","@id":"https:\/\/colegiosuizomadrid.com\/#website","url":"https:\/\/colegiosuizomadrid.com\/","name":"Colegio Suizo de Madrid","description":"","publisher":{"@id":"https:\/\/colegiosuizomadrid.com\/#organization"},"potentialAction":[{"@type":"SearchAction","target":{"@type":"EntryPoint","urlTemplate":"https:\/\/colegiosuizomadrid.com\/?s={search_term_string}"},"query-input":{"@type":"PropertyValueSpecification","valueRequired":true,"valueName":"search_term_string"}}],"inLanguage":"de"},{"@type":"Organization","@id":"https:\/\/colegiosuizomadrid.com\/#organization","name":"Colegio Suizo de Madrid","url":"https:\/\/colegiosuizomadrid.com\/","logo":{"@type":"ImageObject","inLanguage":"de","@id":"https:\/\/colegiosuizomadrid.com\/#\/schema\/logo\/image\/","url":"https:\/\/colegiosuizomadrid.com\/beta\/wp-content\/uploads\/2020\/03\/Logo-50-Aniv-Colegio-Suizo-Madrid-1.png","contentUrl":"https:\/\/colegiosuizomadrid.com\/beta\/wp-content\/uploads\/2020\/03\/Logo-50-Aniv-Colegio-Suizo-Madrid-1.png","width":300,"height":75,"caption":"Colegio Suizo de Madrid"},"image":{"@id":"https:\/\/colegiosuizomadrid.com\/#\/schema\/logo\/image\/"}},{"@type":"Person","@id":"https:\/\/colegiosuizomadrid.com\/#\/schema\/person\/200c9600273f423dbb80729c2d55015a","name":"suizomadrid","image":{"@type":"ImageObject","inLanguage":"de","@id":"https:\/\/secure.gravatar.com\/avatar\/?s=96&d=mm&r=g","url":"https:\/\/secure.gravatar.com\/avatar\/?s=96&d=mm&r=g","contentUrl":"https:\/\/secure.gravatar.com\/avatar\/?s=96&d=mm&r=g","caption":"suizomadrid"}}]}},"_links":{"self":[{"href":"https:\/\/colegiosuizomadrid.com\/de\/wp-json\/wp\/v2\/posts\/8121","targetHints":{"allow":["GET"]}}],"collection":[{"href":"https:\/\/colegiosuizomadrid.com\/de\/wp-json\/wp\/v2\/posts"}],"about":[{"href":"https:\/\/colegiosuizomadrid.com\/de\/wp-json\/wp\/v2\/types\/post"}],"author":[{"embeddable":true,"href":"https:\/\/colegiosuizomadrid.com\/de\/wp-json\/wp\/v2\/users\/3"}],"replies":[{"embeddable":true,"href":"https:\/\/colegiosuizomadrid.com\/de\/wp-json\/wp\/v2\/comments?post=8121"}],"version-history":[{"count":0,"href":"https:\/\/colegiosuizomadrid.com\/de\/wp-json\/wp\/v2\/posts\/8121\/revisions"}],"wp:featuredmedia":[{"embeddable":true,"href":"https:\/\/colegiosuizomadrid.com\/de\/wp-json\/"}],"wp:attachment":[{"href":"https:\/\/colegiosuizomadrid.com\/de\/wp-json\/wp\/v2\/media?parent=8121"}],"wp:term":[{"taxonomy":"category","embeddable":true,"href":"https:\/\/colegiosuizomadrid.com\/de\/wp-json\/wp\/v2\/categories?post=8121"},{"taxonomy":"post_tag","embeddable":true,"href":"https:\/\/colegiosuizomadrid.com\/de\/wp-json\/wp\/v2\/tags?post=8121"}],"curies":[{"name":"wp","href":"https:\/\/api.w.org\/{rel}","templated":true}]}}