{"id":14437,"date":"2020-09-29T12:56:56","date_gmt":"2020-09-29T10:56:56","guid":{"rendered":"https:\/\/colegiosuizomadrid.com\/?p=14437"},"modified":"2020-09-29T12:56:56","modified_gmt":"2020-09-29T10:56:56","slug":"ein-rundgang-durch-die-schweizer-universitaeten","status":"publish","type":"post","link":"https:\/\/colegiosuizomadrid.com\/de\/ein-rundgang-durch-die-schweizer-universitaeten\/","title":{"rendered":"Ein Rundgang durch die Schweizer Universit\u00e4ten"},"content":{"rendered":"<p><span data-contrast=\"auto\">Das <\/span><span data-contrast=\"auto\">S<\/span><span data-contrast=\"auto\">c<\/span><span data-contrast=\"auto\">h<\/span><span data-contrast=\"auto\">weizer Bildungssystem ist zweifellos <\/span><span data-contrast=\"auto\">unter den<\/span><span data-contrast=\"auto\"> besten der Welt<\/span><span data-contrast=\"auto\">\u00a0<\/span> <span data-contrast=\"auto\">u<\/span><span data-contrast=\"auto\">nd die Schweizer Schule in Madrid ist ein getreues Spiegelbild ihres Lehrplans in Spanien, angepasst an die Standards dieses Landes. Vom Vorkindergarten bis zum Gymnasium haben die Sch\u00fclerinnen und Sch\u00fcler die M\u00f6glichkeit, eine umfassende Ausbildung zu erhalten, die auf akademischen, pers\u00f6nlichen, sozialen und kulturellen Aspekten basiert<\/span><span data-contrast=\"auto\">.<\/span><span data-ccp-props=\"{&quot;201341983&quot;:0,&quot;335559739&quot;:160,&quot;335559740&quot;:259}\">\u00a0<\/span><\/p>\n<p><span data-contrast=\"auto\">Na<\/span><span data-contrast=\"auto\">ch<\/span> <span data-contrast=\"auto\">Jahren<\/span><span data-contrast=\"auto\"> des <\/span><span data-contrast=\"auto\">Erwerbs<\/span> <span data-contrast=\"auto\">von<\/span> <span data-contrast=\"auto\">personalen<\/span><span data-contrast=\"auto\">, <\/span><span data-contrast=\"auto\">sozialen<\/span> <span data-contrast=\"auto\">und<\/span> <span data-contrast=\"auto\">\u00a0<\/span><span data-contrast=\"auto\">methodischen<\/span> <span data-contrast=\"auto\">Kompetenzen<\/span><span data-contrast=\"auto\">, <\/span><span data-contrast=\"auto\">ist<\/span><span data-contrast=\"auto\"> es <\/span><span data-contrast=\"auto\">an<\/span> <span data-contrast=\"auto\">der<\/span> <span data-contrast=\"auto\">Zeit<\/span><span data-contrast=\"auto\">, den <\/span><span data-contrast=\"auto\">Sprung<\/span> <span data-contrast=\"auto\">an<\/span><span data-contrast=\"auto\"> die <\/span><span data-contrast=\"auto\">Universit\u00e4t<\/span> <span data-contrast=\"auto\">zu<\/span> <span data-contrast=\"auto\">wagen<\/span><span data-contrast=\"auto\">. <\/span><span data-contrast=\"auto\">D<\/span><span data-contrast=\"auto\">ie <\/span><span data-contrast=\"auto\">Schweiz<\/span> <span data-contrast=\"auto\">ist<\/span> <span data-contrast=\"auto\">ein<\/span> <span data-contrast=\"auto\">ideale<\/span><span data-contrast=\"auto\">r<\/span> <span data-contrast=\"auto\">Ort<\/span> <span data-contrast=\"auto\">f\u00fcr<\/span> <span data-contrast=\"auto\">eine<\/span> <span data-contrast=\"auto\">Hochschulausbildung<\/span><span data-contrast=\"auto\">,<\/span> <span data-contrast=\"auto\">v<\/span><span data-contrast=\"auto\">or<\/span> <span data-contrast=\"auto\">allem<\/span><span data-contrast=\"auto\">, <\/span><span data-contrast=\"auto\">weil<\/span> <span data-contrast=\"auto\">die <\/span><span data-contrast=\"auto\">Universit\u00e4ten<\/span> <span data-contrast=\"auto\">offensichtlich<\/span> <span data-contrast=\"auto\">die<\/span> <span data-contrast=\"auto\">Werte<\/span> <span data-contrast=\"auto\">des CSM<\/span> <span data-contrast=\"auto\">weiter<\/span><span data-contrast=\"auto\">pflegen<\/span><span data-contrast=\"auto\">, <\/span><span data-contrast=\"auto\">d<\/span><span data-contrast=\"auto\">as <\/span><span data-contrast=\"auto\">sich<\/span><span data-contrast=\"auto\"> \u00a0<\/span><span data-contrast=\"auto\">von<\/span> <span data-contrast=\"auto\">allen<\/span> <span data-contrast=\"auto\">anderen<\/span><span data-contrast=\"auto\"> unterscheidet<\/span><span data-contrast=\"auto\">: <\/span><span data-contrast=\"auto\">E<\/span><span data-contrast=\"auto\">s <\/span><span data-contrast=\"auto\">bietet<\/span> <span data-contrast=\"auto\">ein<\/span> <span data-contrast=\"auto\">internationales<\/span><span data-contrast=\"auto\">, <\/span><span data-contrast=\"auto\">multikulturelles<\/span> <span data-contrast=\"auto\">und<\/span> <span data-contrast=\"auto\">mehrsprachiges<\/span> <span data-contrast=\"auto\">Umfeld<\/span><span data-contrast=\"auto\">, in <\/span><span data-contrast=\"auto\">dem<\/span><span data-contrast=\"auto\"> die <\/span><span data-contrast=\"auto\">kognitiven<\/span> <span data-contrast=\"auto\">F\u00e4higkeiten<\/span> <span data-contrast=\"auto\">der<\/span> <span data-contrast=\"auto\">Studierenden<\/span> <span data-contrast=\"auto\">weiterentwickelt<\/span> <span data-contrast=\"auto\">werden<\/span> <span data-contrast=\"auto\">k\u00f6nnen<\/span><span data-contrast=\"auto\">.<\/span><span data-ccp-props=\"{&quot;201341983&quot;:0,&quot;335559739&quot;:160,&quot;335559740&quot;:259}\">\u00a0<\/span><\/p>\n<p><span data-contrast=\"auto\">Eine Anerkennung, die auch von aussen kommt, denn gem\u00e4ss den World University Rankings z\u00e4hlen 4 der Schweizer Universit\u00e4ten unter den 100 besten der Welt. Ein sehr hoher Prozentsatz, wenn man bedenkt, dass das mitteleurop\u00e4ische Land \u00fcber 12 \u00f6ffentliche Universit\u00e4ten (die Eidgen\u00f6ssische Technische Hochschule Z\u00fcrich ETHZ und die \u00c9cole Polytechnique F\u00e9d\u00e9rale de Lausanne EPFL, sowie die Universit\u00e4ten Z\u00fcrich, Basel, Bern, Freiburg, Genf, Lausanne, Luzern, Neuenburg, St. Gallen und della Svizzera italiana), 7 Fachhochschulen und 14 P\u00e4dagogische Hochschulen verf\u00fcgt.<\/span><span data-ccp-props=\"{&quot;201341983&quot;:0,&quot;335559739&quot;:160,&quot;335559740&quot;:259}\">\u00a0<\/span><\/p>\n<p><span data-contrast=\"auto\">Die Kurse werden in der Regel in der Landessprache unterrichtet, obwohl auch zunehmend Englisch verwendet wird. Dies \u00e4ndert jedoch nichts daran, dass die Beherrschung der Amtssprache (Deutsch, Franz\u00f6sisch oder Italienisch) der Universit\u00e4t, in die man aufgenommen werden m\u00f6chte, Voraussetzung f\u00fcr die Zulassung ist. Es werden Tests durchgef\u00fchrt, um sicherzustellen, dass die Studierenden ein gutes Niveau in der Sprache haben, in der der Unterricht erteilt werden soll. Die \u00fcbrigen Zugangsbedingungen sind je nach Institution unterschiedlich, aber im Allgemeinen muss die Vorlage eines Maturzeugnisses vorgesehen werden.<\/span><span data-ccp-props=\"{&quot;201341983&quot;:0,&quot;335559739&quot;:160,&quot;335559740&quot;:259}\">\u00a0<\/span><\/p>\n<p><span data-contrast=\"auto\">Die Kosten der Hochschulbildung in der Schweiz sind nicht \u00fcberm\u00e4ssig hoch, da das Bildungssystem fast vollst\u00e4ndig aus \u00f6ffentlichen Mitteln finanziert wird. Doch ebenso wie bei den Sprach- oder Zugangsvoraussetzungen variieren die Kosten je nach Kanton, Stadt, Institution und den zu absolvierenden Studien.<\/span><span data-ccp-props=\"{&quot;201341983&quot;:0,&quot;335559739&quot;:160,&quot;335559740&quot;:259}\">\u00a0<\/span><\/p>\n<p><span data-contrast=\"auto\">Das akademische Jahr beginnt in der Schweiz bis auf wenige Ausnahmen im September. Es gliedert sich in zwei Semester, wobei das erste, das Herbstsemester, in der Mitte des Monats beginnt und bis Ende Dezember dauert, und das Fr\u00fchjahrssemester im Februar (um den 20.) beginnt und Anfang Juni endet.\u00a0<\/span><span data-ccp-props=\"{&quot;201341983&quot;:0,&quot;335559739&quot;:160,&quot;335559740&quot;:259}\">\u00a0<\/span><\/p>\n<p><span data-contrast=\"auto\">Die Gesamtdauer des Studiums zum Erwerb eines ersten akademischen Grades ist nach dem Bologna-System mit dem ECTS-Kreditpunktesystem organisiert. Nach insgesamt drei Jahren Studium wird ein Bachelor-Abschluss verliehen. Der darauf folgende Zyklus zur Erlangung des Master-Abschlusses dauert ein bis zwei Jahre. Dies ist eine Voraussetzung f\u00fcr die sp\u00e4tere Spezialisierung des Doktorats.<\/span><span data-ccp-props=\"{&quot;201341983&quot;:0,&quot;335559739&quot;:160,&quot;335559740&quot;:259}\">\u00a0<\/span><\/p>\n<p><span data-contrast=\"auto\">Viele Sch\u00fclerinnen und Sch\u00fcler der Schweizer Schule Madrid setzen ihr Studium an einer dieser Universit\u00e4ten fort. Eine ideale Option<\/span><span data-contrast=\"auto\">,<\/span> <span data-contrast=\"auto\">um die<\/span><span data-contrast=\"auto\"> Ausbildung f\u00fcr das Leben fortzusetzen.<\/span><span data-ccp-props=\"{&quot;201341983&quot;:0,&quot;335559739&quot;:160,&quot;335559740&quot;:259}\">\u00a0<\/span><\/p>\n<p><span data-ccp-props=\"{&quot;201341983&quot;:0,&quot;335559739&quot;:160,&quot;335559740&quot;:259}\">\u00a0<\/span><\/p>\n","protected":false},"excerpt":{"rendered":"<p>Das Schweizer Bildungssystem ist zweifellos unter den besten der Welt\u00a0 und die Schweizer Schule in Madrid ist ein getreues Spiegelbild ihres Lehrplans in Spanien, angepasst an die Standards dieses Landes. Vom Vorkindergarten bis zum Gymnasium haben die Sch\u00fclerinnen und Sch\u00fcler die M\u00f6glichkeit, eine umfassende Ausbildung zu erhalten, die auf akademischen, pers\u00f6nlichen, sozialen und kulturellen Aspekten [&hellip;]<\/p>\n","protected":false},"author":5,"featured_media":14384,"comment_status":"open","ping_status":"open","sticky":false,"template":"","format":"standard","meta":{"footnotes":""},"categories":[],"tags":[],"class_list":["post-14437","post","type-post","status-publish","format-standard","has-post-thumbnail","hentry"],"yoast_head":"<!-- This site is optimized with the Yoast SEO plugin v27.5 - https:\/\/yoast.com\/product\/yoast-seo-wordpress\/ -->\n<title>Ein Rundgang durch die Schweizer Universit\u00e4ten - Colegio Suizo de Madrid<\/title>\n<meta name=\"robots\" content=\"index, follow, max-snippet:-1, max-image-preview:large, max-video-preview:-1\" \/>\n<link rel=\"canonical\" href=\"https:\/\/colegiosuizomadrid.com\/de\/ein-rundgang-durch-die-schweizer-universitaeten\/\" \/>\n<meta property=\"og:locale\" content=\"de_DE\" \/>\n<meta property=\"og:type\" content=\"article\" \/>\n<meta property=\"og:title\" content=\"Ein Rundgang durch die Schweizer Universit\u00e4ten - Colegio Suizo de Madrid\" \/>\n<meta property=\"og:description\" content=\"Das Schweizer Bildungssystem ist zweifellos unter den besten der Welt\u00a0 und die Schweizer Schule in Madrid ist ein getreues Spiegelbild ihres Lehrplans in Spanien, angepasst an die Standards dieses Landes. Vom Vorkindergarten bis zum Gymnasium haben die Sch\u00fclerinnen und Sch\u00fcler die M\u00f6glichkeit, eine umfassende Ausbildung zu erhalten, die auf akademischen, pers\u00f6nlichen, sozialen und kulturellen Aspekten [&hellip;]\" \/>\n<meta property=\"og:url\" content=\"https:\/\/colegiosuizomadrid.com\/de\/ein-rundgang-durch-die-schweizer-universitaeten\/\" \/>\n<meta property=\"og:site_name\" content=\"Colegio Suizo de Madrid\" \/>\n<meta property=\"article:published_time\" content=\"2020-09-29T10:56:56+00:00\" \/>\n<meta property=\"og:image\" content=\"https:\/\/colegiosuizomadrid.com\/beta\/wp-content\/uploads\/2020\/09\/1280px-ETH_Zurich_-_Hauptgebaude_-_Polyterasse_2011-08-06_18-21-28_ShiftN2-1.jpg\" \/>\n\t<meta property=\"og:image:width\" content=\"1280\" \/>\n\t<meta property=\"og:image:height\" content=\"853\" \/>\n\t<meta property=\"og:image:type\" content=\"image\/jpeg\" \/>\n<meta name=\"author\" content=\"adminEli\" \/>\n<meta name=\"twitter:card\" content=\"summary_large_image\" \/>\n<meta name=\"twitter:label1\" content=\"Verfasst von\" \/>\n\t<meta name=\"twitter:data1\" content=\"adminEli\" \/>\n\t<meta name=\"twitter:label2\" content=\"Gesch\u00e4tzte Lesezeit\" \/>\n\t<meta name=\"twitter:data2\" content=\"2\u00a0Minuten\" \/>\n<script type=\"application\/ld+json\" class=\"yoast-schema-graph\">{\"@context\":\"https:\\\/\\\/schema.org\",\"@graph\":[{\"@type\":\"Article\",\"@id\":\"https:\\\/\\\/colegiosuizomadrid.com\\\/de\\\/ein-rundgang-durch-die-schweizer-universitaeten\\\/#article\",\"isPartOf\":{\"@id\":\"https:\\\/\\\/colegiosuizomadrid.com\\\/de\\\/ein-rundgang-durch-die-schweizer-universitaeten\\\/\"},\"author\":{\"name\":\"adminEli\",\"@id\":\"https:\\\/\\\/colegiosuizomadrid.com\\\/#\\\/schema\\\/person\\\/c9f0621a4809275ce3e0d8a3cd1a5b89\"},\"headline\":\"Ein Rundgang durch die Schweizer Universit\u00e4ten\",\"datePublished\":\"2020-09-29T10:56:56+00:00\",\"mainEntityOfPage\":{\"@id\":\"https:\\\/\\\/colegiosuizomadrid.com\\\/de\\\/ein-rundgang-durch-die-schweizer-universitaeten\\\/\"},\"wordCount\":497,\"commentCount\":0,\"publisher\":{\"@id\":\"https:\\\/\\\/colegiosuizomadrid.com\\\/#organization\"},\"image\":{\"@id\":\"https:\\\/\\\/colegiosuizomadrid.com\\\/de\\\/ein-rundgang-durch-die-schweizer-universitaeten\\\/#primaryimage\"},\"thumbnailUrl\":\"https:\\\/\\\/colegiosuizomadrid.com\\\/beta\\\/wp-content\\\/uploads\\\/2020\\\/09\\\/1280px-ETH_Zurich_-_Hauptgebaude_-_Polyterasse_2011-08-06_18-21-28_ShiftN2-1.jpg\",\"inLanguage\":\"de\",\"potentialAction\":[{\"@type\":\"CommentAction\",\"name\":\"Comment\",\"target\":[\"https:\\\/\\\/colegiosuizomadrid.com\\\/de\\\/ein-rundgang-durch-die-schweizer-universitaeten\\\/#respond\"]}]},{\"@type\":\"WebPage\",\"@id\":\"https:\\\/\\\/colegiosuizomadrid.com\\\/de\\\/ein-rundgang-durch-die-schweizer-universitaeten\\\/\",\"url\":\"https:\\\/\\\/colegiosuizomadrid.com\\\/de\\\/ein-rundgang-durch-die-schweizer-universitaeten\\\/\",\"name\":\"Ein Rundgang durch die Schweizer Universit\u00e4ten - Colegio Suizo de Madrid\",\"isPartOf\":{\"@id\":\"https:\\\/\\\/colegiosuizomadrid.com\\\/#website\"},\"primaryImageOfPage\":{\"@id\":\"https:\\\/\\\/colegiosuizomadrid.com\\\/de\\\/ein-rundgang-durch-die-schweizer-universitaeten\\\/#primaryimage\"},\"image\":{\"@id\":\"https:\\\/\\\/colegiosuizomadrid.com\\\/de\\\/ein-rundgang-durch-die-schweizer-universitaeten\\\/#primaryimage\"},\"thumbnailUrl\":\"https:\\\/\\\/colegiosuizomadrid.com\\\/beta\\\/wp-content\\\/uploads\\\/2020\\\/09\\\/1280px-ETH_Zurich_-_Hauptgebaude_-_Polyterasse_2011-08-06_18-21-28_ShiftN2-1.jpg\",\"datePublished\":\"2020-09-29T10:56:56+00:00\",\"breadcrumb\":{\"@id\":\"https:\\\/\\\/colegiosuizomadrid.com\\\/de\\\/ein-rundgang-durch-die-schweizer-universitaeten\\\/#breadcrumb\"},\"inLanguage\":\"de\",\"potentialAction\":[{\"@type\":\"ReadAction\",\"target\":[\"https:\\\/\\\/colegiosuizomadrid.com\\\/de\\\/ein-rundgang-durch-die-schweizer-universitaeten\\\/\"]}]},{\"@type\":\"ImageObject\",\"inLanguage\":\"de\",\"@id\":\"https:\\\/\\\/colegiosuizomadrid.com\\\/de\\\/ein-rundgang-durch-die-schweizer-universitaeten\\\/#primaryimage\",\"url\":\"https:\\\/\\\/colegiosuizomadrid.com\\\/beta\\\/wp-content\\\/uploads\\\/2020\\\/09\\\/1280px-ETH_Zurich_-_Hauptgebaude_-_Polyterasse_2011-08-06_18-21-28_ShiftN2-1.jpg\",\"contentUrl\":\"https:\\\/\\\/colegiosuizomadrid.com\\\/beta\\\/wp-content\\\/uploads\\\/2020\\\/09\\\/1280px-ETH_Zurich_-_Hauptgebaude_-_Polyterasse_2011-08-06_18-21-28_ShiftN2-1.jpg\",\"width\":1280,\"height\":853},{\"@type\":\"BreadcrumbList\",\"@id\":\"https:\\\/\\\/colegiosuizomadrid.com\\\/de\\\/ein-rundgang-durch-die-schweizer-universitaeten\\\/#breadcrumb\",\"itemListElement\":[{\"@type\":\"ListItem\",\"position\":1,\"name\":\"Portada\",\"item\":\"https:\\\/\\\/colegiosuizomadrid.com\\\/\"},{\"@type\":\"ListItem\",\"position\":2,\"name\":\"Ein Rundgang durch die Schweizer Universit\u00e4ten\"}]},{\"@type\":\"WebSite\",\"@id\":\"https:\\\/\\\/colegiosuizomadrid.com\\\/#website\",\"url\":\"https:\\\/\\\/colegiosuizomadrid.com\\\/\",\"name\":\"Colegio Suizo de Madrid\",\"description\":\"\",\"publisher\":{\"@id\":\"https:\\\/\\\/colegiosuizomadrid.com\\\/#organization\"},\"potentialAction\":[{\"@type\":\"SearchAction\",\"target\":{\"@type\":\"EntryPoint\",\"urlTemplate\":\"https:\\\/\\\/colegiosuizomadrid.com\\\/?s={search_term_string}\"},\"query-input\":{\"@type\":\"PropertyValueSpecification\",\"valueRequired\":true,\"valueName\":\"search_term_string\"}}],\"inLanguage\":\"de\"},{\"@type\":\"Organization\",\"@id\":\"https:\\\/\\\/colegiosuizomadrid.com\\\/#organization\",\"name\":\"Colegio Suizo de Madrid\",\"url\":\"https:\\\/\\\/colegiosuizomadrid.com\\\/\",\"logo\":{\"@type\":\"ImageObject\",\"inLanguage\":\"de\",\"@id\":\"https:\\\/\\\/colegiosuizomadrid.com\\\/#\\\/schema\\\/logo\\\/image\\\/\",\"url\":\"https:\\\/\\\/colegiosuizomadrid.com\\\/beta\\\/wp-content\\\/uploads\\\/2020\\\/03\\\/Logo-50-Aniv-Colegio-Suizo-Madrid-1.png\",\"contentUrl\":\"https:\\\/\\\/colegiosuizomadrid.com\\\/beta\\\/wp-content\\\/uploads\\\/2020\\\/03\\\/Logo-50-Aniv-Colegio-Suizo-Madrid-1.png\",\"width\":300,\"height\":75,\"caption\":\"Colegio Suizo de Madrid\"},\"image\":{\"@id\":\"https:\\\/\\\/colegiosuizomadrid.com\\\/#\\\/schema\\\/logo\\\/image\\\/\"}},{\"@type\":\"Person\",\"@id\":\"https:\\\/\\\/colegiosuizomadrid.com\\\/#\\\/schema\\\/person\\\/c9f0621a4809275ce3e0d8a3cd1a5b89\",\"name\":\"adminEli\",\"image\":{\"@type\":\"ImageObject\",\"inLanguage\":\"de\",\"@id\":\"https:\\\/\\\/secure.gravatar.com\\\/avatar\\\/?s=96&d=mm&r=g\",\"url\":\"https:\\\/\\\/secure.gravatar.com\\\/avatar\\\/?s=96&d=mm&r=g\",\"contentUrl\":\"https:\\\/\\\/secure.gravatar.com\\\/avatar\\\/?s=96&d=mm&r=g\",\"caption\":\"adminEli\"}}]}<\/script>\n<!-- \/ Yoast SEO plugin. -->","yoast_head_json":{"title":"Ein Rundgang durch die Schweizer Universit\u00e4ten - Colegio Suizo de Madrid","robots":{"index":"index","follow":"follow","max-snippet":"max-snippet:-1","max-image-preview":"max-image-preview:large","max-video-preview":"max-video-preview:-1"},"canonical":"https:\/\/colegiosuizomadrid.com\/de\/ein-rundgang-durch-die-schweizer-universitaeten\/","og_locale":"de_DE","og_type":"article","og_title":"Ein Rundgang durch die Schweizer Universit\u00e4ten - Colegio Suizo de Madrid","og_description":"Das Schweizer Bildungssystem ist zweifellos unter den besten der Welt\u00a0 und die Schweizer Schule in Madrid ist ein getreues Spiegelbild ihres Lehrplans in Spanien, angepasst an die Standards dieses Landes. Vom Vorkindergarten bis zum Gymnasium haben die Sch\u00fclerinnen und Sch\u00fcler die M\u00f6glichkeit, eine umfassende Ausbildung zu erhalten, die auf akademischen, pers\u00f6nlichen, sozialen und kulturellen Aspekten [&hellip;]","og_url":"https:\/\/colegiosuizomadrid.com\/de\/ein-rundgang-durch-die-schweizer-universitaeten\/","og_site_name":"Colegio Suizo de Madrid","article_published_time":"2020-09-29T10:56:56+00:00","og_image":[{"width":1280,"height":853,"url":"https:\/\/colegiosuizomadrid.com\/beta\/wp-content\/uploads\/2020\/09\/1280px-ETH_Zurich_-_Hauptgebaude_-_Polyterasse_2011-08-06_18-21-28_ShiftN2-1.jpg","type":"image\/jpeg"}],"author":"adminEli","twitter_card":"summary_large_image","twitter_misc":{"Verfasst von":"adminEli","Gesch\u00e4tzte Lesezeit":"2\u00a0Minuten"},"schema":{"@context":"https:\/\/schema.org","@graph":[{"@type":"Article","@id":"https:\/\/colegiosuizomadrid.com\/de\/ein-rundgang-durch-die-schweizer-universitaeten\/#article","isPartOf":{"@id":"https:\/\/colegiosuizomadrid.com\/de\/ein-rundgang-durch-die-schweizer-universitaeten\/"},"author":{"name":"adminEli","@id":"https:\/\/colegiosuizomadrid.com\/#\/schema\/person\/c9f0621a4809275ce3e0d8a3cd1a5b89"},"headline":"Ein Rundgang durch die Schweizer Universit\u00e4ten","datePublished":"2020-09-29T10:56:56+00:00","mainEntityOfPage":{"@id":"https:\/\/colegiosuizomadrid.com\/de\/ein-rundgang-durch-die-schweizer-universitaeten\/"},"wordCount":497,"commentCount":0,"publisher":{"@id":"https:\/\/colegiosuizomadrid.com\/#organization"},"image":{"@id":"https:\/\/colegiosuizomadrid.com\/de\/ein-rundgang-durch-die-schweizer-universitaeten\/#primaryimage"},"thumbnailUrl":"https:\/\/colegiosuizomadrid.com\/beta\/wp-content\/uploads\/2020\/09\/1280px-ETH_Zurich_-_Hauptgebaude_-_Polyterasse_2011-08-06_18-21-28_ShiftN2-1.jpg","inLanguage":"de","potentialAction":[{"@type":"CommentAction","name":"Comment","target":["https:\/\/colegiosuizomadrid.com\/de\/ein-rundgang-durch-die-schweizer-universitaeten\/#respond"]}]},{"@type":"WebPage","@id":"https:\/\/colegiosuizomadrid.com\/de\/ein-rundgang-durch-die-schweizer-universitaeten\/","url":"https:\/\/colegiosuizomadrid.com\/de\/ein-rundgang-durch-die-schweizer-universitaeten\/","name":"Ein Rundgang durch die Schweizer Universit\u00e4ten - Colegio Suizo de Madrid","isPartOf":{"@id":"https:\/\/colegiosuizomadrid.com\/#website"},"primaryImageOfPage":{"@id":"https:\/\/colegiosuizomadrid.com\/de\/ein-rundgang-durch-die-schweizer-universitaeten\/#primaryimage"},"image":{"@id":"https:\/\/colegiosuizomadrid.com\/de\/ein-rundgang-durch-die-schweizer-universitaeten\/#primaryimage"},"thumbnailUrl":"https:\/\/colegiosuizomadrid.com\/beta\/wp-content\/uploads\/2020\/09\/1280px-ETH_Zurich_-_Hauptgebaude_-_Polyterasse_2011-08-06_18-21-28_ShiftN2-1.jpg","datePublished":"2020-09-29T10:56:56+00:00","breadcrumb":{"@id":"https:\/\/colegiosuizomadrid.com\/de\/ein-rundgang-durch-die-schweizer-universitaeten\/#breadcrumb"},"inLanguage":"de","potentialAction":[{"@type":"ReadAction","target":["https:\/\/colegiosuizomadrid.com\/de\/ein-rundgang-durch-die-schweizer-universitaeten\/"]}]},{"@type":"ImageObject","inLanguage":"de","@id":"https:\/\/colegiosuizomadrid.com\/de\/ein-rundgang-durch-die-schweizer-universitaeten\/#primaryimage","url":"https:\/\/colegiosuizomadrid.com\/beta\/wp-content\/uploads\/2020\/09\/1280px-ETH_Zurich_-_Hauptgebaude_-_Polyterasse_2011-08-06_18-21-28_ShiftN2-1.jpg","contentUrl":"https:\/\/colegiosuizomadrid.com\/beta\/wp-content\/uploads\/2020\/09\/1280px-ETH_Zurich_-_Hauptgebaude_-_Polyterasse_2011-08-06_18-21-28_ShiftN2-1.jpg","width":1280,"height":853},{"@type":"BreadcrumbList","@id":"https:\/\/colegiosuizomadrid.com\/de\/ein-rundgang-durch-die-schweizer-universitaeten\/#breadcrumb","itemListElement":[{"@type":"ListItem","position":1,"name":"Portada","item":"https:\/\/colegiosuizomadrid.com\/"},{"@type":"ListItem","position":2,"name":"Ein Rundgang durch die Schweizer Universit\u00e4ten"}]},{"@type":"WebSite","@id":"https:\/\/colegiosuizomadrid.com\/#website","url":"https:\/\/colegiosuizomadrid.com\/","name":"Colegio Suizo de Madrid","description":"","publisher":{"@id":"https:\/\/colegiosuizomadrid.com\/#organization"},"potentialAction":[{"@type":"SearchAction","target":{"@type":"EntryPoint","urlTemplate":"https:\/\/colegiosuizomadrid.com\/?s={search_term_string}"},"query-input":{"@type":"PropertyValueSpecification","valueRequired":true,"valueName":"search_term_string"}}],"inLanguage":"de"},{"@type":"Organization","@id":"https:\/\/colegiosuizomadrid.com\/#organization","name":"Colegio Suizo de Madrid","url":"https:\/\/colegiosuizomadrid.com\/","logo":{"@type":"ImageObject","inLanguage":"de","@id":"https:\/\/colegiosuizomadrid.com\/#\/schema\/logo\/image\/","url":"https:\/\/colegiosuizomadrid.com\/beta\/wp-content\/uploads\/2020\/03\/Logo-50-Aniv-Colegio-Suizo-Madrid-1.png","contentUrl":"https:\/\/colegiosuizomadrid.com\/beta\/wp-content\/uploads\/2020\/03\/Logo-50-Aniv-Colegio-Suizo-Madrid-1.png","width":300,"height":75,"caption":"Colegio Suizo de Madrid"},"image":{"@id":"https:\/\/colegiosuizomadrid.com\/#\/schema\/logo\/image\/"}},{"@type":"Person","@id":"https:\/\/colegiosuizomadrid.com\/#\/schema\/person\/c9f0621a4809275ce3e0d8a3cd1a5b89","name":"adminEli","image":{"@type":"ImageObject","inLanguage":"de","@id":"https:\/\/secure.gravatar.com\/avatar\/?s=96&d=mm&r=g","url":"https:\/\/secure.gravatar.com\/avatar\/?s=96&d=mm&r=g","contentUrl":"https:\/\/secure.gravatar.com\/avatar\/?s=96&d=mm&r=g","caption":"adminEli"}}]}},"_links":{"self":[{"href":"https:\/\/colegiosuizomadrid.com\/de\/wp-json\/wp\/v2\/posts\/14437","targetHints":{"allow":["GET"]}}],"collection":[{"href":"https:\/\/colegiosuizomadrid.com\/de\/wp-json\/wp\/v2\/posts"}],"about":[{"href":"https:\/\/colegiosuizomadrid.com\/de\/wp-json\/wp\/v2\/types\/post"}],"author":[{"embeddable":true,"href":"https:\/\/colegiosuizomadrid.com\/de\/wp-json\/wp\/v2\/users\/5"}],"replies":[{"embeddable":true,"href":"https:\/\/colegiosuizomadrid.com\/de\/wp-json\/wp\/v2\/comments?post=14437"}],"version-history":[{"count":0,"href":"https:\/\/colegiosuizomadrid.com\/de\/wp-json\/wp\/v2\/posts\/14437\/revisions"}],"wp:featuredmedia":[{"embeddable":true,"href":"https:\/\/colegiosuizomadrid.com\/de\/wp-json\/wp\/v2\/media\/14384"}],"wp:attachment":[{"href":"https:\/\/colegiosuizomadrid.com\/de\/wp-json\/wp\/v2\/media?parent=14437"}],"wp:term":[{"taxonomy":"category","embeddable":true,"href":"https:\/\/colegiosuizomadrid.com\/de\/wp-json\/wp\/v2\/categories?post=14437"},{"taxonomy":"post_tag","embeddable":true,"href":"https:\/\/colegiosuizomadrid.com\/de\/wp-json\/wp\/v2\/tags?post=14437"}],"curies":[{"name":"wp","href":"https:\/\/api.w.org\/{rel}","templated":true}]}}