{"id":10649,"date":"2019-09-27T13:01:47","date_gmt":"2019-09-27T11:01:47","guid":{"rendered":"https:\/\/colegiosuizomadrid.com\/?p=10649"},"modified":"2021-04-07T10:37:09","modified_gmt":"2021-04-07T10:37:09","slug":"autonomiewoche-2","status":"publish","type":"post","link":"https:\/\/colegiosuizomadrid.com\/de\/autonomiewoche-2\/","title":{"rendered":"Autonomiewoche"},"content":{"rendered":"<p>Im Workshop Technisches Zeichnen und Optische T\u00e4uschungen kombinierten die Sch\u00fclerinnen und Sch\u00fcler das Technische Zeichnen mit der Kunst. Sie erhielten eine Einf\u00fchrung in die grundlegenden Konzepte des Technischen Zeichnens, die auf die optische T\u00e4uschung in ihrer k\u00fcnstlerischen Facette angewendet wurden. In Gruppen schufen sie ein Wandgem\u00e4lde mit Acryl auf Holz.<\/p>\n","protected":false},"excerpt":{"rendered":"<p>Im Workshop Technisches Zeichnen und Optische T\u00e4uschungen kombinierten die Sch\u00fclerinnen und Sch\u00fcler das Technische Zeichnen mit der Kunst. Sie erhielten eine Einf\u00fchrung in die grundlegenden Konzepte des Technischen Zeichnens, die auf die optische T\u00e4uschung in ihrer k\u00fcnstlerischen Facette angewendet wurden. In Gruppen schufen sie ein Wandgem\u00e4lde mit Acryl auf Holz.<\/p>\n","protected":false},"author":5,"featured_media":16703,"comment_status":"open","ping_status":"open","sticky":false,"template":"","format":"standard","meta":{"footnotes":""},"categories":[69],"tags":[],"class_list":["post-10649","post","type-post","status-publish","format-standard","has-post-thumbnail","hentry","category-unkategorisiert"],"yoast_head":"<!-- This site is optimized with the Yoast SEO plugin v27.5 - https:\/\/yoast.com\/product\/yoast-seo-wordpress\/ -->\n<title>Autonomiewoche - Colegio Suizo de Madrid<\/title>\n<meta name=\"robots\" content=\"index, follow, max-snippet:-1, max-image-preview:large, max-video-preview:-1\" \/>\n<link rel=\"canonical\" href=\"https:\/\/colegiosuizomadrid.com\/de\/autonomiewoche-2\/\" \/>\n<meta property=\"og:locale\" content=\"de_DE\" \/>\n<meta property=\"og:type\" content=\"article\" \/>\n<meta property=\"og:title\" content=\"Autonomiewoche - Colegio Suizo de Madrid\" \/>\n<meta property=\"og:description\" content=\"Im Workshop Technisches Zeichnen und Optische T\u00e4uschungen kombinierten die Sch\u00fclerinnen und Sch\u00fcler das Technische Zeichnen mit der Kunst. Sie erhielten eine Einf\u00fchrung in die grundlegenden Konzepte des Technischen Zeichnens, die auf die optische T\u00e4uschung in ihrer k\u00fcnstlerischen Facette angewendet wurden. In Gruppen schufen sie ein Wandgem\u00e4lde mit Acryl auf Holz.\" \/>\n<meta property=\"og:url\" content=\"https:\/\/colegiosuizomadrid.com\/de\/autonomiewoche-2\/\" \/>\n<meta property=\"og:site_name\" content=\"Colegio Suizo de Madrid\" \/>\n<meta property=\"article:published_time\" content=\"2019-09-27T11:01:47+00:00\" \/>\n<meta property=\"article:modified_time\" content=\"2021-04-07T10:37:09+00:00\" \/>\n<meta property=\"og:image\" content=\"https:\/\/colegiosuizomadrid.com\/beta\/wp-content\/uploads\/2019\/11\/Semana-Autonomia.jpg\" \/>\n\t<meta property=\"og:image:width\" content=\"1600\" \/>\n\t<meta property=\"og:image:height\" content=\"900\" \/>\n\t<meta property=\"og:image:type\" content=\"image\/jpeg\" \/>\n<meta name=\"author\" content=\"adminEli\" \/>\n<meta name=\"twitter:card\" content=\"summary_large_image\" \/>\n<meta name=\"twitter:label1\" content=\"Verfasst von\" \/>\n\t<meta name=\"twitter:data1\" content=\"adminEli\" \/>\n<script type=\"application\/ld+json\" class=\"yoast-schema-graph\">{\"@context\":\"https:\\\/\\\/schema.org\",\"@graph\":[{\"@type\":\"Article\",\"@id\":\"https:\\\/\\\/colegiosuizomadrid.com\\\/de\\\/autonomiewoche-2\\\/#article\",\"isPartOf\":{\"@id\":\"https:\\\/\\\/colegiosuizomadrid.com\\\/de\\\/autonomiewoche-2\\\/\"},\"author\":{\"name\":\"adminEli\",\"@id\":\"https:\\\/\\\/colegiosuizomadrid.com\\\/#\\\/schema\\\/person\\\/c9f0621a4809275ce3e0d8a3cd1a5b89\"},\"headline\":\"Autonomiewoche\",\"datePublished\":\"2019-09-27T11:01:47+00:00\",\"dateModified\":\"2021-04-07T10:37:09+00:00\",\"mainEntityOfPage\":{\"@id\":\"https:\\\/\\\/colegiosuizomadrid.com\\\/de\\\/autonomiewoche-2\\\/\"},\"wordCount\":58,\"commentCount\":0,\"publisher\":{\"@id\":\"https:\\\/\\\/colegiosuizomadrid.com\\\/#organization\"},\"image\":{\"@id\":\"https:\\\/\\\/colegiosuizomadrid.com\\\/de\\\/autonomiewoche-2\\\/#primaryimage\"},\"thumbnailUrl\":\"https:\\\/\\\/colegiosuizomadrid.com\\\/beta\\\/wp-content\\\/uploads\\\/2019\\\/11\\\/Semana-Autonomia.jpg\",\"articleSection\":[\"Unkategorisiert\"],\"inLanguage\":\"de\",\"potentialAction\":[{\"@type\":\"CommentAction\",\"name\":\"Comment\",\"target\":[\"https:\\\/\\\/colegiosuizomadrid.com\\\/de\\\/autonomiewoche-2\\\/#respond\"]}]},{\"@type\":\"WebPage\",\"@id\":\"https:\\\/\\\/colegiosuizomadrid.com\\\/de\\\/autonomiewoche-2\\\/\",\"url\":\"https:\\\/\\\/colegiosuizomadrid.com\\\/de\\\/autonomiewoche-2\\\/\",\"name\":\"Autonomiewoche - Colegio Suizo de Madrid\",\"isPartOf\":{\"@id\":\"https:\\\/\\\/colegiosuizomadrid.com\\\/#website\"},\"primaryImageOfPage\":{\"@id\":\"https:\\\/\\\/colegiosuizomadrid.com\\\/de\\\/autonomiewoche-2\\\/#primaryimage\"},\"image\":{\"@id\":\"https:\\\/\\\/colegiosuizomadrid.com\\\/de\\\/autonomiewoche-2\\\/#primaryimage\"},\"thumbnailUrl\":\"https:\\\/\\\/colegiosuizomadrid.com\\\/beta\\\/wp-content\\\/uploads\\\/2019\\\/11\\\/Semana-Autonomia.jpg\",\"datePublished\":\"2019-09-27T11:01:47+00:00\",\"dateModified\":\"2021-04-07T10:37:09+00:00\",\"breadcrumb\":{\"@id\":\"https:\\\/\\\/colegiosuizomadrid.com\\\/de\\\/autonomiewoche-2\\\/#breadcrumb\"},\"inLanguage\":\"de\",\"potentialAction\":[{\"@type\":\"ReadAction\",\"target\":[\"https:\\\/\\\/colegiosuizomadrid.com\\\/de\\\/autonomiewoche-2\\\/\"]}]},{\"@type\":\"ImageObject\",\"inLanguage\":\"de\",\"@id\":\"https:\\\/\\\/colegiosuizomadrid.com\\\/de\\\/autonomiewoche-2\\\/#primaryimage\",\"url\":\"https:\\\/\\\/colegiosuizomadrid.com\\\/beta\\\/wp-content\\\/uploads\\\/2019\\\/11\\\/Semana-Autonomia.jpg\",\"contentUrl\":\"https:\\\/\\\/colegiosuizomadrid.com\\\/beta\\\/wp-content\\\/uploads\\\/2019\\\/11\\\/Semana-Autonomia.jpg\",\"width\":1600,\"height\":900},{\"@type\":\"BreadcrumbList\",\"@id\":\"https:\\\/\\\/colegiosuizomadrid.com\\\/de\\\/autonomiewoche-2\\\/#breadcrumb\",\"itemListElement\":[{\"@type\":\"ListItem\",\"position\":1,\"name\":\"Portada\",\"item\":\"https:\\\/\\\/colegiosuizomadrid.com\\\/\"},{\"@type\":\"ListItem\",\"position\":2,\"name\":\"Autonomiewoche\"}]},{\"@type\":\"WebSite\",\"@id\":\"https:\\\/\\\/colegiosuizomadrid.com\\\/#website\",\"url\":\"https:\\\/\\\/colegiosuizomadrid.com\\\/\",\"name\":\"Colegio Suizo de Madrid\",\"description\":\"\",\"publisher\":{\"@id\":\"https:\\\/\\\/colegiosuizomadrid.com\\\/#organization\"},\"potentialAction\":[{\"@type\":\"SearchAction\",\"target\":{\"@type\":\"EntryPoint\",\"urlTemplate\":\"https:\\\/\\\/colegiosuizomadrid.com\\\/?s={search_term_string}\"},\"query-input\":{\"@type\":\"PropertyValueSpecification\",\"valueRequired\":true,\"valueName\":\"search_term_string\"}}],\"inLanguage\":\"de\"},{\"@type\":\"Organization\",\"@id\":\"https:\\\/\\\/colegiosuizomadrid.com\\\/#organization\",\"name\":\"Colegio Suizo de Madrid\",\"url\":\"https:\\\/\\\/colegiosuizomadrid.com\\\/\",\"logo\":{\"@type\":\"ImageObject\",\"inLanguage\":\"de\",\"@id\":\"https:\\\/\\\/colegiosuizomadrid.com\\\/#\\\/schema\\\/logo\\\/image\\\/\",\"url\":\"https:\\\/\\\/colegiosuizomadrid.com\\\/beta\\\/wp-content\\\/uploads\\\/2020\\\/03\\\/Logo-50-Aniv-Colegio-Suizo-Madrid-1.png\",\"contentUrl\":\"https:\\\/\\\/colegiosuizomadrid.com\\\/beta\\\/wp-content\\\/uploads\\\/2020\\\/03\\\/Logo-50-Aniv-Colegio-Suizo-Madrid-1.png\",\"width\":300,\"height\":75,\"caption\":\"Colegio Suizo de Madrid\"},\"image\":{\"@id\":\"https:\\\/\\\/colegiosuizomadrid.com\\\/#\\\/schema\\\/logo\\\/image\\\/\"}},{\"@type\":\"Person\",\"@id\":\"https:\\\/\\\/colegiosuizomadrid.com\\\/#\\\/schema\\\/person\\\/c9f0621a4809275ce3e0d8a3cd1a5b89\",\"name\":\"adminEli\",\"image\":{\"@type\":\"ImageObject\",\"inLanguage\":\"de\",\"@id\":\"https:\\\/\\\/secure.gravatar.com\\\/avatar\\\/?s=96&d=mm&r=g\",\"url\":\"https:\\\/\\\/secure.gravatar.com\\\/avatar\\\/?s=96&d=mm&r=g\",\"contentUrl\":\"https:\\\/\\\/secure.gravatar.com\\\/avatar\\\/?s=96&d=mm&r=g\",\"caption\":\"adminEli\"}}]}<\/script>\n<!-- \/ Yoast SEO plugin. -->","yoast_head_json":{"title":"Autonomiewoche - Colegio Suizo de Madrid","robots":{"index":"index","follow":"follow","max-snippet":"max-snippet:-1","max-image-preview":"max-image-preview:large","max-video-preview":"max-video-preview:-1"},"canonical":"https:\/\/colegiosuizomadrid.com\/de\/autonomiewoche-2\/","og_locale":"de_DE","og_type":"article","og_title":"Autonomiewoche - Colegio Suizo de Madrid","og_description":"Im Workshop Technisches Zeichnen und Optische T\u00e4uschungen kombinierten die Sch\u00fclerinnen und Sch\u00fcler das Technische Zeichnen mit der Kunst. Sie erhielten eine Einf\u00fchrung in die grundlegenden Konzepte des Technischen Zeichnens, die auf die optische T\u00e4uschung in ihrer k\u00fcnstlerischen Facette angewendet wurden. In Gruppen schufen sie ein Wandgem\u00e4lde mit Acryl auf Holz.","og_url":"https:\/\/colegiosuizomadrid.com\/de\/autonomiewoche-2\/","og_site_name":"Colegio Suizo de Madrid","article_published_time":"2019-09-27T11:01:47+00:00","article_modified_time":"2021-04-07T10:37:09+00:00","og_image":[{"width":1600,"height":900,"url":"https:\/\/colegiosuizomadrid.com\/beta\/wp-content\/uploads\/2019\/11\/Semana-Autonomia.jpg","type":"image\/jpeg"}],"author":"adminEli","twitter_card":"summary_large_image","twitter_misc":{"Verfasst von":"adminEli"},"schema":{"@context":"https:\/\/schema.org","@graph":[{"@type":"Article","@id":"https:\/\/colegiosuizomadrid.com\/de\/autonomiewoche-2\/#article","isPartOf":{"@id":"https:\/\/colegiosuizomadrid.com\/de\/autonomiewoche-2\/"},"author":{"name":"adminEli","@id":"https:\/\/colegiosuizomadrid.com\/#\/schema\/person\/c9f0621a4809275ce3e0d8a3cd1a5b89"},"headline":"Autonomiewoche","datePublished":"2019-09-27T11:01:47+00:00","dateModified":"2021-04-07T10:37:09+00:00","mainEntityOfPage":{"@id":"https:\/\/colegiosuizomadrid.com\/de\/autonomiewoche-2\/"},"wordCount":58,"commentCount":0,"publisher":{"@id":"https:\/\/colegiosuizomadrid.com\/#organization"},"image":{"@id":"https:\/\/colegiosuizomadrid.com\/de\/autonomiewoche-2\/#primaryimage"},"thumbnailUrl":"https:\/\/colegiosuizomadrid.com\/beta\/wp-content\/uploads\/2019\/11\/Semana-Autonomia.jpg","articleSection":["Unkategorisiert"],"inLanguage":"de","potentialAction":[{"@type":"CommentAction","name":"Comment","target":["https:\/\/colegiosuizomadrid.com\/de\/autonomiewoche-2\/#respond"]}]},{"@type":"WebPage","@id":"https:\/\/colegiosuizomadrid.com\/de\/autonomiewoche-2\/","url":"https:\/\/colegiosuizomadrid.com\/de\/autonomiewoche-2\/","name":"Autonomiewoche - Colegio Suizo de Madrid","isPartOf":{"@id":"https:\/\/colegiosuizomadrid.com\/#website"},"primaryImageOfPage":{"@id":"https:\/\/colegiosuizomadrid.com\/de\/autonomiewoche-2\/#primaryimage"},"image":{"@id":"https:\/\/colegiosuizomadrid.com\/de\/autonomiewoche-2\/#primaryimage"},"thumbnailUrl":"https:\/\/colegiosuizomadrid.com\/beta\/wp-content\/uploads\/2019\/11\/Semana-Autonomia.jpg","datePublished":"2019-09-27T11:01:47+00:00","dateModified":"2021-04-07T10:37:09+00:00","breadcrumb":{"@id":"https:\/\/colegiosuizomadrid.com\/de\/autonomiewoche-2\/#breadcrumb"},"inLanguage":"de","potentialAction":[{"@type":"ReadAction","target":["https:\/\/colegiosuizomadrid.com\/de\/autonomiewoche-2\/"]}]},{"@type":"ImageObject","inLanguage":"de","@id":"https:\/\/colegiosuizomadrid.com\/de\/autonomiewoche-2\/#primaryimage","url":"https:\/\/colegiosuizomadrid.com\/beta\/wp-content\/uploads\/2019\/11\/Semana-Autonomia.jpg","contentUrl":"https:\/\/colegiosuizomadrid.com\/beta\/wp-content\/uploads\/2019\/11\/Semana-Autonomia.jpg","width":1600,"height":900},{"@type":"BreadcrumbList","@id":"https:\/\/colegiosuizomadrid.com\/de\/autonomiewoche-2\/#breadcrumb","itemListElement":[{"@type":"ListItem","position":1,"name":"Portada","item":"https:\/\/colegiosuizomadrid.com\/"},{"@type":"ListItem","position":2,"name":"Autonomiewoche"}]},{"@type":"WebSite","@id":"https:\/\/colegiosuizomadrid.com\/#website","url":"https:\/\/colegiosuizomadrid.com\/","name":"Colegio Suizo de Madrid","description":"","publisher":{"@id":"https:\/\/colegiosuizomadrid.com\/#organization"},"potentialAction":[{"@type":"SearchAction","target":{"@type":"EntryPoint","urlTemplate":"https:\/\/colegiosuizomadrid.com\/?s={search_term_string}"},"query-input":{"@type":"PropertyValueSpecification","valueRequired":true,"valueName":"search_term_string"}}],"inLanguage":"de"},{"@type":"Organization","@id":"https:\/\/colegiosuizomadrid.com\/#organization","name":"Colegio Suizo de Madrid","url":"https:\/\/colegiosuizomadrid.com\/","logo":{"@type":"ImageObject","inLanguage":"de","@id":"https:\/\/colegiosuizomadrid.com\/#\/schema\/logo\/image\/","url":"https:\/\/colegiosuizomadrid.com\/beta\/wp-content\/uploads\/2020\/03\/Logo-50-Aniv-Colegio-Suizo-Madrid-1.png","contentUrl":"https:\/\/colegiosuizomadrid.com\/beta\/wp-content\/uploads\/2020\/03\/Logo-50-Aniv-Colegio-Suizo-Madrid-1.png","width":300,"height":75,"caption":"Colegio Suizo de Madrid"},"image":{"@id":"https:\/\/colegiosuizomadrid.com\/#\/schema\/logo\/image\/"}},{"@type":"Person","@id":"https:\/\/colegiosuizomadrid.com\/#\/schema\/person\/c9f0621a4809275ce3e0d8a3cd1a5b89","name":"adminEli","image":{"@type":"ImageObject","inLanguage":"de","@id":"https:\/\/secure.gravatar.com\/avatar\/?s=96&d=mm&r=g","url":"https:\/\/secure.gravatar.com\/avatar\/?s=96&d=mm&r=g","contentUrl":"https:\/\/secure.gravatar.com\/avatar\/?s=96&d=mm&r=g","caption":"adminEli"}}]}},"_links":{"self":[{"href":"https:\/\/colegiosuizomadrid.com\/de\/wp-json\/wp\/v2\/posts\/10649","targetHints":{"allow":["GET"]}}],"collection":[{"href":"https:\/\/colegiosuizomadrid.com\/de\/wp-json\/wp\/v2\/posts"}],"about":[{"href":"https:\/\/colegiosuizomadrid.com\/de\/wp-json\/wp\/v2\/types\/post"}],"author":[{"embeddable":true,"href":"https:\/\/colegiosuizomadrid.com\/de\/wp-json\/wp\/v2\/users\/5"}],"replies":[{"embeddable":true,"href":"https:\/\/colegiosuizomadrid.com\/de\/wp-json\/wp\/v2\/comments?post=10649"}],"version-history":[{"count":1,"href":"https:\/\/colegiosuizomadrid.com\/de\/wp-json\/wp\/v2\/posts\/10649\/revisions"}],"predecessor-version":[{"id":16719,"href":"https:\/\/colegiosuizomadrid.com\/de\/wp-json\/wp\/v2\/posts\/10649\/revisions\/16719"}],"wp:featuredmedia":[{"embeddable":true,"href":"https:\/\/colegiosuizomadrid.com\/de\/wp-json\/wp\/v2\/media\/16703"}],"wp:attachment":[{"href":"https:\/\/colegiosuizomadrid.com\/de\/wp-json\/wp\/v2\/media?parent=10649"}],"wp:term":[{"taxonomy":"category","embeddable":true,"href":"https:\/\/colegiosuizomadrid.com\/de\/wp-json\/wp\/v2\/categories?post=10649"},{"taxonomy":"post_tag","embeddable":true,"href":"https:\/\/colegiosuizomadrid.com\/de\/wp-json\/wp\/v2\/tags?post=10649"}],"curies":[{"name":"wp","href":"https:\/\/api.w.org\/{rel}","templated":true}]}}